{"id":14824,"date":"2021-05-06T18:18:45","date_gmt":"2021-05-06T21:18:45","guid":{"rendered":"http:\/\/4cantosalagoas.com.br\/portal\/?p=14824"},"modified":"2021-05-06T18:18:49","modified_gmt":"2021-05-06T21:18:49","slug":"foragido-da-justica-alagoana-acusado-de-estupro-e-preso-em-goias","status":"publish","type":"post","link":"https:\/\/4cantosalagoas.com.br\/portal\/foragido-da-justica-alagoana-acusado-de-estupro-e-preso-em-goias\/","title":{"rendered":"Foragido da Justi\u00e7a alagoana acusado de estupro \u00e9 preso em Goi\u00e1s"},"content":{"rendered":"\n<figure class=\"wp-block-image\"><img fetchpriority=\"high\" decoding=\"async\" width=\"750\" height=\"500\" src=\"http:\/\/4cantosalagoas.com.br\/portal\/wp-content\/uploads\/2021\/03\/pol\u00edcia.jpg\" alt=\"\" class=\"wp-image-14098\" srcset=\"https:\/\/4cantosalagoas.com.br\/portal\/wp-content\/uploads\/2021\/03\/pol\u00edcia.jpg 750w, https:\/\/4cantosalagoas.com.br\/portal\/wp-content\/uploads\/2021\/03\/pol\u00edcia-300x200.jpg 300w\" sizes=\"(max-width: 750px) 100vw, 750px\" \/><figcaption>Assessoria<\/figcaption><\/figure>\n\n\n\n<p>A delegada Paula Francinete, titular da 76\u00ba Distrito Policial (76\u00baDP) de Boca da Mata, informou que um&nbsp;homem foi preso, no munic\u00edpio de Mineiros, em Goi\u00e1s, suspeito de estupro de vulner\u00e1vel de forma continuada, praticado na cidade de Boca da Mata-AL.<\/p>\n\n\n\n<p>Ele tinha mandado de pris\u00e3o preventiva expedido pela Justi\u00e7a alagoana e estava na condi\u00e7\u00e3o de foragido.<\/p>\n\n\n\n<p>Ap\u00f3s troca de informa\u00e7\u00f5es entre as pol\u00edcias dos dois estados, foi repassado que o rapaz, quando descoberta a pr\u00e1tica reiterada do crime, fugiu do interior de Alagoas e passou a viver em Goi\u00e1s.<\/p>\n\n\n\n<p>Em investiga\u00e7\u00e3o, foi levantado que o foragido j\u00e1 estava empregado como motorista de aplicativo e vivendo normalmente.<\/p>\n\n\n\n<p>Depois de uma s\u00e9rie de dilig\u00eancias, o homem foi preso e ser\u00e1 colocado \u00e0 disposi\u00e7\u00e3o da Justi\u00e7a, podendo pegar, caso seja condenado, at\u00e9 15 anos de pris\u00e3o.<\/p>\n\n\n\n<p>Assessoria<\/p>\n","protected":false},"excerpt":{"rendered":"<p>A delegada Paula Francinete, titular da 76\u00ba Distrito Policial (76\u00baDP) de Boca da Mata, informou que um&nbsp;homem<\/p>\n","protected":false},"author":1,"featured_media":14098,"comment_status":"open","ping_status":"open","sticky":false,"template":"","format":"standard","meta":{"footnotes":""},"categories":[11],"tags":[],"class_list":["post-14824","post","type-post","status-publish","format-standard","has-post-thumbnail","hentry","category-policia"],"_links":{"self":[{"href":"https:\/\/4cantosalagoas.com.br\/portal\/wp-json\/wp\/v2\/posts\/14824","targetHints":{"allow":["GET"]}}],"collection":[{"href":"https:\/\/4cantosalagoas.com.br\/portal\/wp-json\/wp\/v2\/posts"}],"about":[{"href":"https:\/\/4cantosalagoas.com.br\/portal\/wp-json\/wp\/v2\/types\/post"}],"author":[{"embeddable":true,"href":"https:\/\/4cantosalagoas.com.br\/portal\/wp-json\/wp\/v2\/users\/1"}],"replies":[{"embeddable":true,"href":"https:\/\/4cantosalagoas.com.br\/portal\/wp-json\/wp\/v2\/comments?post=14824"}],"version-history":[{"count":1,"href":"https:\/\/4cantosalagoas.com.br\/portal\/wp-json\/wp\/v2\/posts\/14824\/revisions"}],"predecessor-version":[{"id":14825,"href":"https:\/\/4cantosalagoas.com.br\/portal\/wp-json\/wp\/v2\/posts\/14824\/revisions\/14825"}],"wp:featuredmedia":[{"embeddable":true,"href":"https:\/\/4cantosalagoas.com.br\/portal\/wp-json\/wp\/v2\/media\/14098"}],"wp:attachment":[{"href":"https:\/\/4cantosalagoas.com.br\/portal\/wp-json\/wp\/v2\/media?parent=14824"}],"wp:term":[{"taxonomy":"category","embeddable":true,"href":"https:\/\/4cantosalagoas.com.br\/portal\/wp-json\/wp\/v2\/categories?post=14824"},{"taxonomy":"post_tag","embeddable":true,"href":"https:\/\/4cantosalagoas.com.br\/portal\/wp-json\/wp\/v2\/tags?post=14824"}],"curies":[{"name":"wp","href":"https:\/\/api.w.org\/{rel}","templated":true}]}}