{"id":14813,"date":"2021-05-06T07:39:26","date_gmt":"2021-05-06T10:39:26","guid":{"rendered":"http:\/\/4cantosalagoas.com.br\/portal\/?p=14813"},"modified":"2021-05-06T07:39:31","modified_gmt":"2021-05-06T10:39:31","slug":"defesa-civil-responde-oficio-sobre-suposto-tremor-de-terra-em-maceio","status":"publish","type":"post","link":"https:\/\/4cantosalagoas.com.br\/portal\/defesa-civil-responde-oficio-sobre-suposto-tremor-de-terra-em-maceio\/","title":{"rendered":"Defesa Civil responde of\u00edcio sobre suposto tremor de terra em Macei\u00f3"},"content":{"rendered":"\n<figure class=\"wp-block-image\"><img fetchpriority=\"high\" decoding=\"async\" width=\"1024\" height=\"682\" src=\"https:\/\/i0.wp.com\/4cantosalagoas.com.br\/portal\/wp-content\/uploads\/2021\/05\/abc9.jpeg?fit=1024%2C682\" alt=\"\" class=\"wp-image-14814\" srcset=\"https:\/\/4cantosalagoas.com.br\/portal\/wp-content\/uploads\/2021\/05\/abc9.jpeg 1024w, https:\/\/4cantosalagoas.com.br\/portal\/wp-content\/uploads\/2021\/05\/abc9-300x200.jpeg 300w, https:\/\/4cantosalagoas.com.br\/portal\/wp-content\/uploads\/2021\/05\/abc9-768x512.jpeg 768w\" sizes=\"(max-width: 1024px) 100vw, 1024px\" \/><figcaption>Assessoria<\/figcaption><\/figure>\n\n\n\n<p> A Defesa Civil de Macei\u00f3 respondeu, na tarde desta quarta-feira (5), um of\u00edcio onde informa ao Minist\u00e9rio P\u00fablico Federal (MPF) que n\u00e3o houve registro de atividade s\u00edsmica nos equipamentos que fazem parte do monitoramento dos bairros afetados pelo afundamento de solo. O questionamento foi feito ap\u00f3s relatos da popula\u00e7\u00e3o de suposto tremor de terra registrado na \u00faltima sexta-feira (30) na regi\u00e3o do bairro do Cana\u00e3. <\/p>\n\n\n\n<p>Abelardo Nobre, coordenador geral da Defesa Civil de Macei\u00f3, explicou que ap\u00f3s os relatos de poss\u00edvel tremor, equipes do \u00f3rg\u00e3o municipal adotaram todas as medidas necess\u00e1rias.<\/p>\n\n\n\n<p>\u201cAssim que recebemos os primeiros relatos sobre o ocorrido, solicitei informa\u00e7\u00f5es desses equipamentos e nenhum deles apontou para a ocorr\u00eancia de fen\u00f4meno geol\u00f3gico. Ainda assim, no mesmo dia, pedi que duas equipes fossem a regi\u00e3o para tentar identificar o que pode ter causado o problema\u201d, informou o coordenador.<\/p>\n\n\n\n<p>Ele explicou ainda que os relatos colhidos pelos t\u00e9cnicos da Defesa Civil s\u00e3o semelhantes e apontam para um grande estrondo que teria acontecido em galp\u00f5es localizados na Avenida Durval de G\u00f3es Monteiro, no bairro de Cana\u00e3.<\/p>\n\n\n\n<p>\u201cOs relatos caracterizam algo semelhante a uma explos\u00e3o. J\u00e1 na segunda-feira [3], nossas equipes voltaram ao local e realizaram um sobrev\u00f4o de drone. Num dos galp\u00f5es encontramos sinais que indicam combust\u00e3o, mas n\u00e3o o que pode ter causado aquilo. Para isso se fazer necess\u00e1rio uma investiga\u00e7\u00e3o mais minuciosa e de algu\u00e9m que tenha respaldo t\u00e9cnico para isso\u201d, informou.<\/p>\n\n\n\n<p>Erik Maia\/ Secom Macei\u00f3<\/p>\n","protected":false},"excerpt":{"rendered":"<p>A Defesa Civil de Macei\u00f3 respondeu, na tarde desta quarta-feira (5), um of\u00edcio onde informa ao Minist\u00e9rio<\/p>\n","protected":false},"author":1,"featured_media":14814,"comment_status":"open","ping_status":"open","sticky":false,"template":"","format":"standard","meta":{"footnotes":""},"categories":[5],"tags":[],"class_list":["post-14813","post","type-post","status-publish","format-standard","has-post-thumbnail","hentry","category-maceio"],"_links":{"self":[{"href":"https:\/\/4cantosalagoas.com.br\/portal\/wp-json\/wp\/v2\/posts\/14813","targetHints":{"allow":["GET"]}}],"collection":[{"href":"https:\/\/4cantosalagoas.com.br\/portal\/wp-json\/wp\/v2\/posts"}],"about":[{"href":"https:\/\/4cantosalagoas.com.br\/portal\/wp-json\/wp\/v2\/types\/post"}],"author":[{"embeddable":true,"href":"https:\/\/4cantosalagoas.com.br\/portal\/wp-json\/wp\/v2\/users\/1"}],"replies":[{"embeddable":true,"href":"https:\/\/4cantosalagoas.com.br\/portal\/wp-json\/wp\/v2\/comments?post=14813"}],"version-history":[{"count":1,"href":"https:\/\/4cantosalagoas.com.br\/portal\/wp-json\/wp\/v2\/posts\/14813\/revisions"}],"predecessor-version":[{"id":14815,"href":"https:\/\/4cantosalagoas.com.br\/portal\/wp-json\/wp\/v2\/posts\/14813\/revisions\/14815"}],"wp:featuredmedia":[{"embeddable":true,"href":"https:\/\/4cantosalagoas.com.br\/portal\/wp-json\/wp\/v2\/media\/14814"}],"wp:attachment":[{"href":"https:\/\/4cantosalagoas.com.br\/portal\/wp-json\/wp\/v2\/media?parent=14813"}],"wp:term":[{"taxonomy":"category","embeddable":true,"href":"https:\/\/4cantosalagoas.com.br\/portal\/wp-json\/wp\/v2\/categories?post=14813"},{"taxonomy":"post_tag","embeddable":true,"href":"https:\/\/4cantosalagoas.com.br\/portal\/wp-json\/wp\/v2\/tags?post=14813"}],"curies":[{"name":"wp","href":"https:\/\/api.w.org\/{rel}","templated":true}]}}