{"id":14709,"date":"2021-04-26T18:11:44","date_gmt":"2021-04-26T21:11:44","guid":{"rendered":"http:\/\/4cantosalagoas.com.br\/portal\/?p=14709"},"modified":"2021-04-26T18:11:49","modified_gmt":"2021-04-26T21:11:49","slug":"ao-contrario-do-que-diz-mensagem-falsa-hospitalizacao-por-covid-19-reduziu-entre-idosos","status":"publish","type":"post","link":"https:\/\/4cantosalagoas.com.br\/portal\/ao-contrario-do-que-diz-mensagem-falsa-hospitalizacao-por-covid-19-reduziu-entre-idosos\/","title":{"rendered":"Ao contr\u00e1rio do que diz mensagem falsa, hospitaliza\u00e7\u00e3o por Covid-19 reduziu entre idosos"},"content":{"rendered":"\n<figure class=\"wp-block-image\"><img fetchpriority=\"high\" decoding=\"async\" width=\"600\" height=\"400\" src=\"http:\/\/4cantosalagoas.com.br\/portal\/wp-content\/uploads\/2021\/04\/abc.jpg\" alt=\"\" class=\"wp-image-14710\" srcset=\"https:\/\/4cantosalagoas.com.br\/portal\/wp-content\/uploads\/2021\/04\/abc.jpg 600w, https:\/\/4cantosalagoas.com.br\/portal\/wp-content\/uploads\/2021\/04\/abc-300x200.jpg 300w\" sizes=\"(max-width: 600px) 100vw, 600px\" \/><figcaption>Assessoria<\/figcaption><\/figure>\n\n\n\n<p>Circula em grupos do WhatsApp a informa\u00e7\u00e3o de que a chegada da vacina contra a Covid-19 no Brasil teria provocado o aumento de mortes dos pacientes acometidos pela doen\u00e7a. O conte\u00fado \u00e9 falso. A mensagem tenta convencer que h\u00e1 mortes causadas pelo imunizante, al\u00e9m de defender tratamento sem efic\u00e1cia comprovada e criticar o Supremo Tribunal Federal (STF).<\/p>\n\n\n\n<p>A mensagem re\u00fane v\u00e1rias informa\u00e7\u00f5es falsas, mas com o mesmo objetivo: argumentar que&nbsp; a vacina contra a Covid-19 n\u00e3o ajuda a combater a pandemia e que a solu\u00e7\u00e3o seria o tratamento precoce, al\u00e9m de criticar imprensa, Supremo Tribunal Federal, governadores e prefeitos que adotam medidas de distanciamento social.<\/p>\n\n\n\n<p>\u201cCom a vacina, as mortes continuar\u00e3o acontecendo (at\u00e9 aumentaram) mas, a narrativa do pessoal da NOM [Nova Ordem Mundial], incluindo todos os presidentes americanos, ser\u00e1 de que cessaram, mas sabemos que tanto l\u00e1 quanto c\u00e1 aumentaram com as vacinas (co\u00e1gulos no c\u00e9rebro e pulm\u00f5es). Lembrem que a vacina n\u00e3o tem garantia, est\u00e1 matando\u201d, afirma o texto, ao citar o caso de Agnaldo Tim\u00f3teo, que faleceu ap\u00f3s a vacina\u00e7\u00e3o.<\/p>\n\n\n\n<p>N\u00e3o d\u00e1 para relacionar o aumento de mortes no Brasil com a chegada da vacina. Entre o fim de novembro de 2020 e final de janeiro de 2021, a curva dos n\u00fameros de mortes j\u00e1 apresentava crescimento, como mostra o&nbsp;<strong><a href=\"https:\/\/covid.saude.gov.br\/\" target=\"_blank\" rel=\"noreferrer noopener\">gr\u00e1fico do Minist\u00e9rio da Sa\u00fade&nbsp;<\/a><\/strong>. A vacina\u00e7\u00e3o foi iniciada lentamente pelo estado de S\u00e3o Paulo a partir do dia 17 de janeiro.&nbsp;<\/p>\n\n\n\n<p>Os n\u00fameros mais recentes mostram um efeito contr\u00e1rio ao apresentado pela mensagem falsa. At\u00e9 s\u00e1bado (24), mesmo com apenas 5,9% da popula\u00e7\u00e3o brasileira imunizada com a&nbsp;<a href=\"https:\/\/especiais.g1.globo.com\/bemestar\/vacina\/2021\/mapa-brasil-vacina-covid\/\" target=\"_blank\" rel=\"noreferrer noopener\"><strong>segunda dose<\/strong><\/a>&nbsp;em tr\u00eas meses de vacina\u00e7\u00e3o, o Brasil registrou pela primeira vez, desde o in\u00edcio de novembro, uma tend\u00eancia de&nbsp;<a href=\"https:\/\/g1.globo.com\/bemestar\/coronavirus\/noticia\/2021\/04\/23\/media-movel-de-mortes-por-coronavirus-tem-maior-queda-desde-11-de-novembro-obitos-passam-de-386-mil.ghtml\" target=\"_blank\" rel=\"noreferrer noopener\"><strong>queda de mortes por Covid-19<\/strong><\/a>.&nbsp; &nbsp;<\/p>\n\n\n\n<p>Outra informa\u00e7\u00e3o que vai de contra aos dados falsos que circulam nas redes sociais \u00e9 que v\u00e1rios estados registraram quedas nas taxas de interna\u00e7\u00f5es de idosos contaminados com o novo coronav\u00edrus, como \u00e9 o caso de Alagoas. No dia 23 de mar\u00e7o, o \u00edndice era de 17,31% da taxa do risco de interna\u00e7\u00e3o dos idosos acima de 80 anos nos hospitais gerenciados pela Secretaria de Estado de Sa\u00fade (Sesau), j\u00e1 no no dia 06 de abril&nbsp;<a href=\"https:\/\/www.saude.al.gov.br\/vacinacao-contra-a-covid-19-reduz-risco-de-internacao-hospitalar-de-idosos-em-al\/\" target=\"_blank\" rel=\"noreferrer noopener\"><strong>caiu para 11,46%<\/strong><\/a>.N\u00e3o \u00e9 um caso isolado. O&nbsp;<strong><a href=\"https:\/\/www.agenciabrasilia.df.gov.br\/2021\/03\/25\/vacinacao-ja-reduziu-casos-os-graves-de-covid-19-entre-idosos\/\" target=\"_blank\" rel=\"noreferrer noopener\">Distrito Federal<\/a><\/strong>,&nbsp;<strong><a href=\"https:\/\/saude.to.gov.br\/noticia\/2021\/4\/6\/apos-vacinacao-contra-covid-19-tocantins-reduz-525-das-internacoes-de-pessoas-acima-de-80-anos\/\" target=\"_blank\" rel=\"noreferrer noopener\">Tocantins<\/a>,<\/strong>&nbsp;<a href=\"https:\/\/diariodorio.com\/internacoes-e-obitos-de-idosos-acima-de-80-anos-caem-no-rj-apos-vacinacao\/\" target=\"_blank\" rel=\"noreferrer noopener\"><strong>Rio Janeiro<\/strong><\/a>&nbsp;e<a href=\"https:\/\/diariodonordeste.verdesmares.com.br\/metro\/ceara-tem-queda-de-46-na-taxa-de-internacao-de-idosos-apos-vacinacao-contra-a-covid-19-diz-sesa-1.3058867\" target=\"_blank\" rel=\"noreferrer noopener\"><strong>&nbsp;Cear\u00e1<\/strong><\/a>, por exemplo, tamb\u00e9m j\u00e1 divulgaram que registraram quedas nos n\u00fameros de interna\u00e7\u00f5es do p\u00fablico j\u00e1 vacinado.&nbsp;<\/p>\n\n\n\n<p>Sobre os supostos casos de pessoas que morreram ap\u00f3s receber uma das doses da vacina, o texto com informa\u00e7\u00f5es falsas cita como exemplo a morte de Agnaldo Tim\u00f3teo. A assessoria do cantor informou \u00e0 BBC que ele havia tomado a segunda dose dois dias antes de ser internado, o que sugere que ele foi infectado entre a primeira e a segunda doses.&nbsp;<\/p>\n\n\n\n<p>A bi\u00f3loga e divulgadora cient\u00edfica brasileira, fundadora e presidente do Instituto Quest\u00e3o de Ci\u00eancia, Natalia Pasternak,&nbsp;<a href=\"https:\/\/www.bbc.com\/portuguese\/brasil-56848219\" target=\"_blank\" rel=\"noreferrer noopener\"><strong>ressalta a efic\u00e1cia da vacina e explica<\/strong><\/a>&nbsp;que o objetivo dela \u00e9 de reduzir a chance do surgimento de sintomas, a necessidade de interna\u00e7\u00e3o e at\u00e9 de morte. A microbiologista lembrou que se a pessoa contaminada pelo novo coronav\u00edrus j\u00e1 tiver doen\u00e7as como obesidade, diabetes, hipertens\u00e3o ou asma, a chance de desenvolver um quadro mais grave da doen\u00e7a \u00e9 maior, mesmo j\u00e1 tendo sido vacinada.&nbsp;<\/p>\n\n\n\n<p>Nat\u00e1lia fez uma analogia para melhor entendimento do efeito da imuniza\u00e7\u00e3o: &#8220;Uma boa vacina \u00e9 como um bom goleiro. Sabemos que ele \u00e9 bom pelo hist\u00f3rico dele, a frequ\u00eancia com a qual ele faz defesas. Se ele defende com frequ\u00eancia, ele \u00e9 um bom goleiro. Isso n\u00e3o quer dizer que ele \u00e9 invicto, que ele nunca vai deixar de tomar gol. Mas, mesmo se tomar gol, ele n\u00e3o deixa de ser um bom goleiro. Agora se a defesa do time dele for uma droga, ele vai tomar mais gol, porque vai ter muito mais bolas indo para o gol, ent\u00e3o a probabilidade de ele errar aumenta\u201d.&nbsp;<\/p>\n\n\n\n<p>A especialista continuou a explica\u00e7\u00e3o: &#8220;Se a defesa n\u00e3o usa m\u00e1scara, faz aglomera\u00e7\u00e3o, haver\u00e1 muito mais v\u00edrus circulando, ou seja, mais bolas para o gol, ent\u00e3o a probabilidade de ele tomar gol \u00e9 maior. A mesma coisa acontece com uma vacina. Ela diminui o seu risco de ficar doente, agora se voc\u00ea estiver numa \u00e1rea onde a defesa do time \u00e9 ruim, onde o v\u00edrus est\u00e1 circulando muito, a chance de voc\u00ea ficar doente aumenta. Ou seja, as bolas ao gol. E a vacina \u00e9 o goleiro&#8221;.<\/p>\n\n\n\n<p><strong>Alagoas Sem Fake<\/strong><\/p>\n\n\n\n<p>Com foco no combate \u00e0 desinforma\u00e7\u00e3o, a editoria Alagoas Sem Fake verifica, todos os dias, mensagens e conte\u00fados compartilhados, principalmente em redes sociais, sobre assuntos relacionados ao novo coronav\u00edrus em Alagoas. O cidad\u00e3o poder\u00e1 enviar mensagens, v\u00eddeos ou \u00e1udios a serem checados por meio do WhatsApp, no n\u00famero: (82) 98161-5890.\u00a0<a href=\"https:\/\/api.whatsapp.com\/send?phone=558281615890&amp;text=Tenha%20um%20conte%C3%BAdo%20a%20ser%20verificado%20\">Clique aqui<\/a>\u00a0para enviar agora.<\/p>\n\n\n\n<p>Assessoria<\/p>\n","protected":false},"excerpt":{"rendered":"<p>Circula em grupos do WhatsApp a informa\u00e7\u00e3o de que a chegada da vacina contra a Covid-19 no<\/p>\n","protected":false},"author":1,"featured_media":14710,"comment_status":"open","ping_status":"open","sticky":false,"template":"","format":"standard","meta":{"footnotes":""},"categories":[60],"tags":[],"class_list":["post-14709","post","type-post","status-publish","format-standard","has-post-thumbnail","hentry","category-capa"],"_links":{"self":[{"href":"https:\/\/4cantosalagoas.com.br\/portal\/wp-json\/wp\/v2\/posts\/14709","targetHints":{"allow":["GET"]}}],"collection":[{"href":"https:\/\/4cantosalagoas.com.br\/portal\/wp-json\/wp\/v2\/posts"}],"about":[{"href":"https:\/\/4cantosalagoas.com.br\/portal\/wp-json\/wp\/v2\/types\/post"}],"author":[{"embeddable":true,"href":"https:\/\/4cantosalagoas.com.br\/portal\/wp-json\/wp\/v2\/users\/1"}],"replies":[{"embeddable":true,"href":"https:\/\/4cantosalagoas.com.br\/portal\/wp-json\/wp\/v2\/comments?post=14709"}],"version-history":[{"count":1,"href":"https:\/\/4cantosalagoas.com.br\/portal\/wp-json\/wp\/v2\/posts\/14709\/revisions"}],"predecessor-version":[{"id":14711,"href":"https:\/\/4cantosalagoas.com.br\/portal\/wp-json\/wp\/v2\/posts\/14709\/revisions\/14711"}],"wp:featuredmedia":[{"embeddable":true,"href":"https:\/\/4cantosalagoas.com.br\/portal\/wp-json\/wp\/v2\/media\/14710"}],"wp:attachment":[{"href":"https:\/\/4cantosalagoas.com.br\/portal\/wp-json\/wp\/v2\/media?parent=14709"}],"wp:term":[{"taxonomy":"category","embeddable":true,"href":"https:\/\/4cantosalagoas.com.br\/portal\/wp-json\/wp\/v2\/categories?post=14709"},{"taxonomy":"post_tag","embeddable":true,"href":"https:\/\/4cantosalagoas.com.br\/portal\/wp-json\/wp\/v2\/tags?post=14709"}],"curies":[{"name":"wp","href":"https:\/\/api.w.org\/{rel}","templated":true}]}}