{"id":14706,"date":"2021-04-26T18:09:15","date_gmt":"2021-04-26T21:09:15","guid":{"rendered":"http:\/\/4cantosalagoas.com.br\/portal\/?p=14706"},"modified":"2021-04-26T18:09:19","modified_gmt":"2021-04-26T21:09:19","slug":"abril-marrom-campanha-alerta-para-a-prevencao-de-doencas-que-causam-cegueira","status":"publish","type":"post","link":"https:\/\/4cantosalagoas.com.br\/portal\/abril-marrom-campanha-alerta-para-a-prevencao-de-doencas-que-causam-cegueira\/","title":{"rendered":"Abril Marrom: campanha alerta para a preven\u00e7\u00e3o de doen\u00e7as que causam cegueira"},"content":{"rendered":"\n<figure class=\"wp-block-image\"><img fetchpriority=\"high\" decoding=\"async\" width=\"586\" height=\"546\" src=\"http:\/\/4cantosalagoas.com.br\/portal\/wp-content\/uploads\/2021\/04\/ab.jpg\" alt=\"\" class=\"wp-image-14707\" srcset=\"https:\/\/4cantosalagoas.com.br\/portal\/wp-content\/uploads\/2021\/04\/ab.jpg 586w, https:\/\/4cantosalagoas.com.br\/portal\/wp-content\/uploads\/2021\/04\/ab-300x280.jpg 300w\" sizes=\"(max-width: 586px) 100vw, 586px\" \/><figcaption>Assessoria<\/figcaption><\/figure>\n\n\n\n<p>Abril \u00e9 o m\u00eas de preven\u00e7\u00e3o e diagn\u00f3stico precoce de doen\u00e7as que causam cegueira. De acordo com o Centro Brasileiro de Cirurgia de Olhos, a perda da vis\u00e3o afeta 1,2 milh\u00e3o de pessoas no Brasil, mas cerca de 80% dos casos s\u00e3o evit\u00e1veis, segundo a Organiza\u00e7\u00e3o Mundial da Sa\u00fade (OMS).<\/p>\n\n\n\n<p>A cegueira \u00e9 uma condi\u00e7\u00e3o caracterizada pela perda da habilidade de enxergar e, segundo o oftalmologista do Sistema Hapvida Macei\u00f3, Cleovan Almeida, a melhor maneira de prevenir a ocorr\u00eancia \u00e9 com a realiza\u00e7\u00e3o de exames de rotina com um m\u00e9dico.<\/p>\n\n\n\n<p><strong>PRINCIPAIS DOEN\u00c7AS QUE CAUSAM CEGUEIRA<\/strong><\/p>\n\n\n\n<p>Dr. Cleovan explica que v\u00e1rias doen\u00e7as podem levar \u00e0 cegueira, mas as mais comuns s\u00e3o o glaucoma, catarata, retinopatia diab\u00e9tica e a ambliopia. O glaucoma provoca les\u00f5es no nervo \u00f3tico e, como consequ\u00eancia, o comprometimento visual.<\/p>\n\n\n\n<p>A catarata \u00e9 comum em pessoas acima dos 55 anos e causa a opacifica\u00e7\u00e3o do cristalino. \u201cEla pode cegar se a cirurgia n\u00e3o for realizada a tempo\u201d, destaca o especialista. A retinopatia diab\u00e9tica, por sua vez, ocorre devido ao excesso de a\u00e7\u00facar no sangue que danifica os vasos sangu\u00edneos da retina. J\u00e1 a ambliopia, tamb\u00e9m chamada de \u201colho pregui\u00e7oso\u201d, \u00e9 caracterizada pela baixa vis\u00e3o que n\u00e3o \u00e9 corrigida com \u00f3culos.<\/p>\n\n\n\n<p>\u201c\u00c9 um problema s\u00e9rio que, muitas vezes, pode passar despercebido pela crian\u00e7a ou pelos pais. Se n\u00e3o tratado de maneira precoce, pode deixar sequelas que afetar\u00e3o o pequeno por toda a vida\u201d, ressalta o oftalmologista.<\/p>\n\n\n\n<p><strong>CONSULTA AO OFTALMOLOGISTA E FATORES DE RISCO<\/strong><\/p>\n\n\n\n<p>O m\u00e9dico afirma que o cuidado com a sa\u00fade dos olhos deve come\u00e7ar ainda na inf\u00e2ncia e perdurar at\u00e9 a melhor idade. \u201cCrian\u00e7as de at\u00e9 dois anos precisam ser avaliadas por um oftalmologista de seis em seis meses, e, a partir dessa faixa et\u00e1ria, uma vez ao ano\u201d, informa.<\/p>\n\n\n\n<p>O especialista destaca que pessoas que possuem algum fator de risco devem redobrar a aten\u00e7\u00e3o e estar sempre atentas a qualquer sintoma ou altera\u00e7\u00e3o na vis\u00e3o. \u201cO paciente que tem diabetes, por exemplo, deve ter aten\u00e7\u00e3o especial visto que elevados n\u00edveis de a\u00e7\u00facar no sangue podem desencadear v\u00e1rias doen\u00e7as oculares\u201d.<\/p>\n\n\n\n<p>O oftalmologista do Sistema Hapvida Macei\u00f3 explica, ainda, que o progn\u00f3stico pode ser ainda mais grave se o paciente apresentar hipertens\u00e3o e colesterol alto (hipercolesterolemia). Outros fatores de risco que podem levar \u00e0 cegueira incluem trauma, nascimento prematuro, pessoas que trabalham com produtos qu\u00edmicos, pessoas com graus altos de miopia e idade.<\/p>\n\n\n\n<p>\u201cTer informa\u00e7\u00f5es a respeito das doen\u00e7as que podem levar \u00e0 cegueira \u00e9 o primeiro passo para a ado\u00e7\u00e3o de medidas preventivas. Consulte o seu oftalmologista regularmente. Quem cuida da sa\u00fade se preocupa com a vida. Fa\u00e7a isso por voc\u00ea\u201d, finaliza o m\u00e9dico.<\/p>\n\n\n\n<p>Assessoria<\/p>\n","protected":false},"excerpt":{"rendered":"<p>Abril \u00e9 o m\u00eas de preven\u00e7\u00e3o e diagn\u00f3stico precoce de doen\u00e7as que causam cegueira. De acordo com<\/p>\n","protected":false},"author":1,"featured_media":14707,"comment_status":"open","ping_status":"open","sticky":false,"template":"","format":"standard","meta":{"footnotes":""},"categories":[60],"tags":[],"class_list":["post-14706","post","type-post","status-publish","format-standard","has-post-thumbnail","hentry","category-capa"],"_links":{"self":[{"href":"https:\/\/4cantosalagoas.com.br\/portal\/wp-json\/wp\/v2\/posts\/14706","targetHints":{"allow":["GET"]}}],"collection":[{"href":"https:\/\/4cantosalagoas.com.br\/portal\/wp-json\/wp\/v2\/posts"}],"about":[{"href":"https:\/\/4cantosalagoas.com.br\/portal\/wp-json\/wp\/v2\/types\/post"}],"author":[{"embeddable":true,"href":"https:\/\/4cantosalagoas.com.br\/portal\/wp-json\/wp\/v2\/users\/1"}],"replies":[{"embeddable":true,"href":"https:\/\/4cantosalagoas.com.br\/portal\/wp-json\/wp\/v2\/comments?post=14706"}],"version-history":[{"count":1,"href":"https:\/\/4cantosalagoas.com.br\/portal\/wp-json\/wp\/v2\/posts\/14706\/revisions"}],"predecessor-version":[{"id":14708,"href":"https:\/\/4cantosalagoas.com.br\/portal\/wp-json\/wp\/v2\/posts\/14706\/revisions\/14708"}],"wp:featuredmedia":[{"embeddable":true,"href":"https:\/\/4cantosalagoas.com.br\/portal\/wp-json\/wp\/v2\/media\/14707"}],"wp:attachment":[{"href":"https:\/\/4cantosalagoas.com.br\/portal\/wp-json\/wp\/v2\/media?parent=14706"}],"wp:term":[{"taxonomy":"category","embeddable":true,"href":"https:\/\/4cantosalagoas.com.br\/portal\/wp-json\/wp\/v2\/categories?post=14706"},{"taxonomy":"post_tag","embeddable":true,"href":"https:\/\/4cantosalagoas.com.br\/portal\/wp-json\/wp\/v2\/tags?post=14706"}],"curies":[{"name":"wp","href":"https:\/\/api.w.org\/{rel}","templated":true}]}}