{"id":14703,"date":"2021-04-26T10:27:39","date_gmt":"2021-04-26T13:27:39","guid":{"rendered":"http:\/\/4cantosalagoas.com.br\/portal\/?p=14703"},"modified":"2021-04-26T10:27:43","modified_gmt":"2021-04-26T13:27:43","slug":"curso-debate-implicacoes-psicologicas-e-sociais-da-devolucao-de-criancas-adotadas","status":"publish","type":"post","link":"https:\/\/4cantosalagoas.com.br\/portal\/curso-debate-implicacoes-psicologicas-e-sociais-da-devolucao-de-criancas-adotadas\/","title":{"rendered":"Curso debate implica\u00e7\u00f5es psicol\u00f3gicas e sociais da devolu\u00e7\u00e3o de crian\u00e7as adotadas"},"content":{"rendered":"\n<figure class=\"wp-block-image\"><img fetchpriority=\"high\" decoding=\"async\" width=\"900\" height=\"600\" src=\"http:\/\/4cantosalagoas.com.br\/portal\/wp-content\/uploads\/2021\/04\/d3fb4eb958535bfb6a00077e306547a1.jpg\" alt=\"\" class=\"wp-image-14704\" srcset=\"https:\/\/4cantosalagoas.com.br\/portal\/wp-content\/uploads\/2021\/04\/d3fb4eb958535bfb6a00077e306547a1.jpg 900w, https:\/\/4cantosalagoas.com.br\/portal\/wp-content\/uploads\/2021\/04\/d3fb4eb958535bfb6a00077e306547a1-300x200.jpg 300w, https:\/\/4cantosalagoas.com.br\/portal\/wp-content\/uploads\/2021\/04\/d3fb4eb958535bfb6a00077e306547a1-768x512.jpg 768w\" sizes=\"(max-width: 900px) 100vw, 900px\" \/><figcaption> <br>Curso preparat\u00f3rio para ado\u00e7\u00e3o teve in\u00edcio no dia 6 de abril e termina nesta ter\u00e7a (27). Arte: Clara Almeida <\/figcaption><\/figure>\n\n\n\n<p>Crian\u00e7as que s\u00e3o adotadas e posteriormente devolvidas podem sofrer traumas psicol\u00f3gicos e ter preju\u00edzo no desenvolvimento. Para esclarecer o assunto, a psic\u00f3loga Kliciany Martins profere palestra virtual nesta ter\u00e7a (27), a partir das 18h, para cerca de 40 pretendentes \u00e0 ado\u00e7\u00e3o, cadastrados em comarcas do interior de Alagoas.<\/p>\n\n\n\n<p>Segundo a psic\u00f3loga, que atua na equipe multidisciplinar da Comarca de Uni\u00e3o dos Palmares, as crian\u00e7as adotadas j\u00e1 v\u00eam de um &#8220;primeiro abandono&#8221; ou retirada da fam\u00edlia devido a problemas como neglig\u00eancia, maus-tratos e abuso.&nbsp;<\/p>\n\n\n\n<p>&#8220;Essa segunda devolu\u00e7\u00e3o chega a ser ainda mais complicada, porque a crian\u00e7a dentro da institui\u00e7\u00e3o vem criando aquela expectativa de ser cuidada e amada por uma fam\u00edlia. Quando finalmente isso ocorre e a devolu\u00e7\u00e3o \u00e9 feita, isso pode causar preju\u00edzos enormes&#8221;, afirmou.<\/p>\n\n\n\n<p>Os postulantes, de acordo com Kliciany, precisam saber que est\u00e3o adotando uma pessoa que vem de um contexto e de uma realidade diferente. &#8220;O per\u00edodo de adapta\u00e7\u00e3o pode ser positivo ou negativo. Sendo negativo, os comportamentos podem ser externalizados de diferentes formas, seja pelo comportamento agressivo, seja pelo transtorno alimentar ou psicol\u00f3gico. O mais importante, por\u00e9m, \u00e9 que o pretendente esteja aberto a acolher essa crian\u00e7a. Esteja apto e consciente daquela realidade&#8221;, refor\u00e7ou.<\/p>\n\n\n\n<p><strong>Curso preparat\u00f3rio<\/strong><\/p>\n\n\n\n<p>A palestra da psic\u00f3loga faz parte do curso preparat\u00f3rio para ado\u00e7\u00e3o promovido pelo N\u00facleo Regional Multidisciplinar da Comarca de Uni\u00e3o dos Palmares. Os participantes tamb\u00e9m assistir\u00e3o a palestras sobre desenvolvimento infantil e m\u00e9todos de modelagem de crian\u00e7as e adolescentes (t\u00e9cnicas educativas), ministradas pela pedagoga Daiane Oliveira.<\/p>\n\n\n\n<p>A capacita\u00e7\u00e3o, que ocorre pela plataforma Zoom, teve in\u00edcio no dia 6 de abril e termina nesta ter\u00e7a (27). O curso \u00e9 uma exig\u00eancia para a habilita\u00e7\u00e3o e inclus\u00e3o dos pretendentes no Sistema Nacional de Ado\u00e7\u00e3o (SNA).<br><br><strong>Diretoria de Comunica\u00e7\u00e3o &#8211; Dicom TJAL&nbsp;<\/strong>DS<\/p>\n","protected":false},"excerpt":{"rendered":"<p>Crian\u00e7as que s\u00e3o adotadas e posteriormente devolvidas podem sofrer traumas psicol\u00f3gicos e ter preju\u00edzo no desenvolvimento. Para<\/p>\n","protected":false},"author":1,"featured_media":14704,"comment_status":"open","ping_status":"open","sticky":false,"template":"","format":"standard","meta":{"footnotes":""},"categories":[60],"tags":[],"class_list":["post-14703","post","type-post","status-publish","format-standard","has-post-thumbnail","hentry","category-capa"],"_links":{"self":[{"href":"https:\/\/4cantosalagoas.com.br\/portal\/wp-json\/wp\/v2\/posts\/14703","targetHints":{"allow":["GET"]}}],"collection":[{"href":"https:\/\/4cantosalagoas.com.br\/portal\/wp-json\/wp\/v2\/posts"}],"about":[{"href":"https:\/\/4cantosalagoas.com.br\/portal\/wp-json\/wp\/v2\/types\/post"}],"author":[{"embeddable":true,"href":"https:\/\/4cantosalagoas.com.br\/portal\/wp-json\/wp\/v2\/users\/1"}],"replies":[{"embeddable":true,"href":"https:\/\/4cantosalagoas.com.br\/portal\/wp-json\/wp\/v2\/comments?post=14703"}],"version-history":[{"count":1,"href":"https:\/\/4cantosalagoas.com.br\/portal\/wp-json\/wp\/v2\/posts\/14703\/revisions"}],"predecessor-version":[{"id":14705,"href":"https:\/\/4cantosalagoas.com.br\/portal\/wp-json\/wp\/v2\/posts\/14703\/revisions\/14705"}],"wp:featuredmedia":[{"embeddable":true,"href":"https:\/\/4cantosalagoas.com.br\/portal\/wp-json\/wp\/v2\/media\/14704"}],"wp:attachment":[{"href":"https:\/\/4cantosalagoas.com.br\/portal\/wp-json\/wp\/v2\/media?parent=14703"}],"wp:term":[{"taxonomy":"category","embeddable":true,"href":"https:\/\/4cantosalagoas.com.br\/portal\/wp-json\/wp\/v2\/categories?post=14703"},{"taxonomy":"post_tag","embeddable":true,"href":"https:\/\/4cantosalagoas.com.br\/portal\/wp-json\/wp\/v2\/tags?post=14703"}],"curies":[{"name":"wp","href":"https:\/\/api.w.org\/{rel}","templated":true}]}}