{"id":14674,"date":"2021-04-23T18:03:48","date_gmt":"2021-04-23T21:03:48","guid":{"rendered":"http:\/\/4cantosalagoas.com.br\/portal\/?p=14674"},"modified":"2021-04-23T18:03:53","modified_gmt":"2021-04-23T21:03:53","slug":"tempo-seco-e-com-poucas-nuvens-deve-predominar-o-fim-de-semana-em-alagoas","status":"publish","type":"post","link":"https:\/\/4cantosalagoas.com.br\/portal\/tempo-seco-e-com-poucas-nuvens-deve-predominar-o-fim-de-semana-em-alagoas\/","title":{"rendered":"Tempo seco e com poucas nuvens deve predominar o fim de semana em Alagoas"},"content":{"rendered":"\n<figure class=\"wp-block-image\"><img fetchpriority=\"high\" decoding=\"async\" width=\"1024\" height=\"612\" src=\"http:\/\/4cantosalagoas.com.br\/portal\/wp-content\/uploads\/2018\/05\/sol-1024x612.jpg\" alt=\"\" class=\"wp-image-2926\" srcset=\"https:\/\/4cantosalagoas.com.br\/portal\/wp-content\/uploads\/2018\/05\/sol-1024x612.jpg 1024w, https:\/\/4cantosalagoas.com.br\/portal\/wp-content\/uploads\/2018\/05\/sol-300x179.jpg 300w, https:\/\/4cantosalagoas.com.br\/portal\/wp-content\/uploads\/2018\/05\/sol-768x459.jpg 768w, https:\/\/4cantosalagoas.com.br\/portal\/wp-content\/uploads\/2018\/05\/sol-375x224.jpg 375w, https:\/\/4cantosalagoas.com.br\/portal\/wp-content\/uploads\/2018\/05\/sol-465x278.jpg 465w, https:\/\/4cantosalagoas.com.br\/portal\/wp-content\/uploads\/2018\/05\/sol-695x415.jpg 695w, https:\/\/4cantosalagoas.com.br\/portal\/wp-content\/uploads\/2018\/05\/sol.jpg 1467w\" sizes=\"(max-width: 1024px) 100vw, 1024px\" \/><figcaption>Foto\/Gl\u00e9cio Rodrigues<\/figcaption><\/figure>\n\n\n\n<p>O \u00faltimo fim de semana de abril ser\u00e1 de tempo seco em todas as regi\u00f5es alagoanas.&nbsp; \u00c9 o que indica a previs\u00e3o do tempo da Sala de Alerta da Secretaria de Estado do Meio Ambiente e dos Recursos H\u00eddricos (Semarh), divulgada na manh\u00e3 desta sexta-feira (23). Tamb\u00e9m foi divulgada nesta manh\u00e3 a Previs\u00e3o Clim\u00e1tica para os meses de Maio, Junho e Julho.<\/p>\n\n\n\n<p>Apesar do tempo seco, algumas regi\u00f5es podem apresentar uma varia\u00e7\u00e3o de nebulosidade ao longo do dia. Nesta sexta-feira, a capital alagoana ter\u00e1 sol entre nuvens com temperaturas que devem variar entre 23\u00baC de m\u00ednima e 29\u00baC de m\u00e1xima. No Sert\u00e3o, al\u00e9m da nebulosidade, pode haver chuvas passageiras.<\/p>\n\n\n\n<p>No s\u00e1bado (24), o Litoral deve apresentar per\u00edodos curtos de sol intercalados com per\u00edodos de nuvens, com temperaturas m\u00ednimas de 24\u00baC e m\u00e1ximas que podem chegar aos 29\u00baC. No Sert\u00e3o, essas temperaturas podem chegar aos 33\u00baC de m\u00e1xima.<\/p>\n\n\n\n<p>Segundo o coordenador da Sala de Alerta, Vin\u00edcius Pinho, esse predom\u00ednio de tempo seco deve durar at\u00e9 a noite do domingo (25). \u201cEsperamos chuvas para o in\u00edcio da noite e na madrugada da segunda-feira, principalmente no Litoral e Zona da Mata, mas nada com um volume muito significativo\u201d, explicou Pinho.<\/p>\n\n\n\n<p>Nas demais regi\u00f5es do Estado o domingo ser\u00e1 de sol entre poucas chuvas. No Sert\u00e3o do S\u00e3o Francisco as temperaturas devem variar entre 21\u00baC de m\u00ednima e 33\u00baC de m\u00e1xima.&nbsp; Para ter acesso a Previs\u00e3o completa para todas as regi\u00f5es, \u00e9 s\u00f3 acessar o site:&nbsp;<a href=\"http:\/\/www.semarh.al.gov.br\/tempo-e-clima\/previsao\" target=\"_blank\" rel=\"noreferrer noopener\">http:\/\/www.semarh.al.gov.br\/tempo-e-clima\/previsao<\/a><\/p>\n\n\n\n<p><strong>PREVIS\u00c3O CLIM\u00c1TICA<\/strong><\/p>\n\n\n\n<p>Na \u00faltima quinta-feira (22), a Sala de Alerta realizou a Reuni\u00e3o de An\u00e1lise e Previs\u00e3o Clim\u00e1tica para o trimestre de maio, junho e julho em todo Nordeste. No encontro, que reuniu representantes de todos os estados da regi\u00e3o, os meteorologistas conclu\u00edram que Alagoas deve receber chuvas dentro da normalidade para o per\u00edodo.<\/p>\n\n\n\n<p>Nas demais \u00e1reas, que engloba todo o Agreste, Sert\u00e3o do S\u00e3o Francisco e Sert\u00e3o, os acumulados de chuva podem ficar entre a categoria normal a abaixo da normalidade. \u201cCom a Previs\u00e3o, conclu\u00edmos que as regi\u00f5es da Zona da Mata e Litoral devem receber chuvas dentro da sua normalidade, que para esta \u00e9poca do ano, \u00e9 um volume consider\u00e1vel de chuvas, j\u00e1 para a regi\u00e3o do Agreste, Sert\u00e3o do S\u00e3o Francisco e o Sert\u00e3o, h\u00e1 uma grande possibilidade dessas chuvas ficarem abaixo da m\u00e9dia nessas regi\u00f5es\u201d, salientou Pinho.<\/p>\n\n\n\n<p>Assessoria<\/p>\n","protected":false},"excerpt":{"rendered":"<p>O \u00faltimo fim de semana de abril ser\u00e1 de tempo seco em todas as regi\u00f5es alagoanas.&nbsp; \u00c9<\/p>\n","protected":false},"author":1,"featured_media":2926,"comment_status":"open","ping_status":"open","sticky":false,"template":"","format":"standard","meta":{"footnotes":""},"categories":[60],"tags":[],"class_list":["post-14674","post","type-post","status-publish","format-standard","has-post-thumbnail","hentry","category-capa"],"_links":{"self":[{"href":"https:\/\/4cantosalagoas.com.br\/portal\/wp-json\/wp\/v2\/posts\/14674","targetHints":{"allow":["GET"]}}],"collection":[{"href":"https:\/\/4cantosalagoas.com.br\/portal\/wp-json\/wp\/v2\/posts"}],"about":[{"href":"https:\/\/4cantosalagoas.com.br\/portal\/wp-json\/wp\/v2\/types\/post"}],"author":[{"embeddable":true,"href":"https:\/\/4cantosalagoas.com.br\/portal\/wp-json\/wp\/v2\/users\/1"}],"replies":[{"embeddable":true,"href":"https:\/\/4cantosalagoas.com.br\/portal\/wp-json\/wp\/v2\/comments?post=14674"}],"version-history":[{"count":1,"href":"https:\/\/4cantosalagoas.com.br\/portal\/wp-json\/wp\/v2\/posts\/14674\/revisions"}],"predecessor-version":[{"id":14675,"href":"https:\/\/4cantosalagoas.com.br\/portal\/wp-json\/wp\/v2\/posts\/14674\/revisions\/14675"}],"wp:featuredmedia":[{"embeddable":true,"href":"https:\/\/4cantosalagoas.com.br\/portal\/wp-json\/wp\/v2\/media\/2926"}],"wp:attachment":[{"href":"https:\/\/4cantosalagoas.com.br\/portal\/wp-json\/wp\/v2\/media?parent=14674"}],"wp:term":[{"taxonomy":"category","embeddable":true,"href":"https:\/\/4cantosalagoas.com.br\/portal\/wp-json\/wp\/v2\/categories?post=14674"},{"taxonomy":"post_tag","embeddable":true,"href":"https:\/\/4cantosalagoas.com.br\/portal\/wp-json\/wp\/v2\/tags?post=14674"}],"curies":[{"name":"wp","href":"https:\/\/api.w.org\/{rel}","templated":true}]}}