{"id":14671,"date":"2021-04-23T09:01:49","date_gmt":"2021-04-23T12:01:49","guid":{"rendered":"http:\/\/4cantosalagoas.com.br\/portal\/?p=14671"},"modified":"2021-04-23T09:01:55","modified_gmt":"2021-04-23T12:01:55","slug":"saude-discute-uso-do-diu-por-mulheres-em-vulnerabilidade-social","status":"publish","type":"post","link":"https:\/\/4cantosalagoas.com.br\/portal\/saude-discute-uso-do-diu-por-mulheres-em-vulnerabilidade-social\/","title":{"rendered":"Sa\u00fade discute uso do DIU por mulheres em vulnerabilidade social"},"content":{"rendered":"\n<figure class=\"wp-block-image\"><img fetchpriority=\"high\" decoding=\"async\" width=\"1040\" height=\"780\" src=\"https:\/\/i2.wp.com\/4cantosalagoas.com.br\/portal\/wp-content\/uploads\/2021\/04\/WhatsApp-Image-2021-04-22-at-13.34.44.jpeg?fit=1024%2C768\" alt=\"\" class=\"wp-image-14672\" srcset=\"https:\/\/4cantosalagoas.com.br\/portal\/wp-content\/uploads\/2021\/04\/WhatsApp-Image-2021-04-22-at-13.34.44.jpeg 1040w, https:\/\/4cantosalagoas.com.br\/portal\/wp-content\/uploads\/2021\/04\/WhatsApp-Image-2021-04-22-at-13.34.44-300x225.jpeg 300w, https:\/\/4cantosalagoas.com.br\/portal\/wp-content\/uploads\/2021\/04\/WhatsApp-Image-2021-04-22-at-13.34.44-768x576.jpeg 768w, https:\/\/4cantosalagoas.com.br\/portal\/wp-content\/uploads\/2021\/04\/WhatsApp-Image-2021-04-22-at-13.34.44-1024x768.jpeg 1024w\" sizes=\"(max-width: 1040px) 100vw, 1040px\" \/><figcaption> <br>Discuss\u00e3o reuniu m\u00e9dicos ginecologistas e obstetras. Foto: Mar\u00edlia Ferreira \/ Ascom SMS <\/figcaption><\/figure>\n\n\n\n<p> A Secretaria Municipal de Sa\u00fade (SMS) e o Gabinete de Pol\u00edticas P\u00fablicas para a Mulher da Prefeitura de Macei\u00f3 discutiram, nesta quinta-feira (22), um protocolo para a utiliza\u00e7\u00e3o do DIU (Dispositivo Intrauterino) em mulheres em situa\u00e7\u00e3o de vulnerabilidade social. O projeto tem o objetivo de proporcionar a preven\u00e7\u00e3o de uma gravidez indesejada em mulheres que moram na periferia, evitando a crescente taxa de natalidade existente nessas regi\u00f5es. <\/p>\n\n\n\n<p>De acordo com o secret\u00e1rio municipal de Sa\u00fade, Pedro Madeiro, a inser\u00e7\u00e3o do DIU \u00e9 um projeto importante para o planejamento familiar. \u201cO DIU \u00e9 uma grande ferramenta de preven\u00e7\u00e3o \u00e0 gravidez. E, com esse importante projeto, iremos atender duas mil mulheres que necessitam desse m\u00e9todo anticoncepcional, para que assim possam evitar uma gravidez indesejada\u201d, disse o gestor.<\/p>\n\n\n\n<p>Madeiro ainda falou sobre a import\u00e2ncia de estar junto dos profissionais de sa\u00fade para a elabora\u00e7\u00e3o de pol\u00edticas p\u00fablicas. \u201cMinha vida ser\u00e1 pautada nas unidades, construindo junto aos profissionais uma Sa\u00fade de qualidade para todos os usu\u00e1rios do SUS\u201d, enfatiza o secret\u00e1rio.<\/p>\n\n\n\n<figure class=\"wp-block-image\"><img decoding=\"async\" src=\"http:\/\/www.maceio.al.gov.br\/wp-content\/uploads\/2021\/04\/jpeg\/2021\/04\/WhatsApp-Image-2021-04-22-at-13.34.17-1024x768.jpeg\" alt=\"\" class=\"wp-image-403310\"\/><figcaption>Foto: Mar\u00edlia Ferreira \/ Ascom SMS<\/figcaption><\/figure>\n\n\n\n<p>Para a secret\u00e1ria de Pol\u00edticas P\u00fablicas para a Mulher, Ana Paula Mendes, o projeto tem um olhar voltado ao controle de natalidade nas periferias de Macei\u00f3. \u201cEsse projeto vai muito mais al\u00e9m de apenas inserir o DIU, ele visa o planejamento familiar e o controle da taxa de natalidade, al\u00e9m de dar mais independ\u00eancia e empoderamento \u00e0s mulheres\u201d, explica.<\/p>\n\n\n\n<p>Estiverem presentes na reuni\u00e3o o secret\u00e1rio adjunto de gest\u00e3o em Sa\u00fade, Aldo Cala\u00e7a, a Diretoria de Aten\u00e7\u00e3o Prim\u00e1ria \u00e0 Sa\u00fade da SMS e ginecologistas e obstetras representes das Unidades B\u00e1sicas de Sa\u00fade.<\/p>\n\n\n\n<p>Mar\u00edlia Ferreira \u2013 Ascom SMS<\/p>\n","protected":false},"excerpt":{"rendered":"<p>A Secretaria Municipal de Sa\u00fade (SMS) e o Gabinete de Pol\u00edticas P\u00fablicas para a Mulher da Prefeitura<\/p>\n","protected":false},"author":1,"featured_media":14672,"comment_status":"open","ping_status":"open","sticky":false,"template":"","format":"standard","meta":{"footnotes":""},"categories":[60],"tags":[],"class_list":["post-14671","post","type-post","status-publish","format-standard","has-post-thumbnail","hentry","category-capa"],"_links":{"self":[{"href":"https:\/\/4cantosalagoas.com.br\/portal\/wp-json\/wp\/v2\/posts\/14671","targetHints":{"allow":["GET"]}}],"collection":[{"href":"https:\/\/4cantosalagoas.com.br\/portal\/wp-json\/wp\/v2\/posts"}],"about":[{"href":"https:\/\/4cantosalagoas.com.br\/portal\/wp-json\/wp\/v2\/types\/post"}],"author":[{"embeddable":true,"href":"https:\/\/4cantosalagoas.com.br\/portal\/wp-json\/wp\/v2\/users\/1"}],"replies":[{"embeddable":true,"href":"https:\/\/4cantosalagoas.com.br\/portal\/wp-json\/wp\/v2\/comments?post=14671"}],"version-history":[{"count":1,"href":"https:\/\/4cantosalagoas.com.br\/portal\/wp-json\/wp\/v2\/posts\/14671\/revisions"}],"predecessor-version":[{"id":14673,"href":"https:\/\/4cantosalagoas.com.br\/portal\/wp-json\/wp\/v2\/posts\/14671\/revisions\/14673"}],"wp:featuredmedia":[{"embeddable":true,"href":"https:\/\/4cantosalagoas.com.br\/portal\/wp-json\/wp\/v2\/media\/14672"}],"wp:attachment":[{"href":"https:\/\/4cantosalagoas.com.br\/portal\/wp-json\/wp\/v2\/media?parent=14671"}],"wp:term":[{"taxonomy":"category","embeddable":true,"href":"https:\/\/4cantosalagoas.com.br\/portal\/wp-json\/wp\/v2\/categories?post=14671"},{"taxonomy":"post_tag","embeddable":true,"href":"https:\/\/4cantosalagoas.com.br\/portal\/wp-json\/wp\/v2\/tags?post=14671"}],"curies":[{"name":"wp","href":"https:\/\/api.w.org\/{rel}","templated":true}]}}