{"id":14668,"date":"2021-04-23T08:59:51","date_gmt":"2021-04-23T11:59:51","guid":{"rendered":"http:\/\/4cantosalagoas.com.br\/portal\/?p=14668"},"modified":"2021-04-23T08:59:55","modified_gmt":"2021-04-23T11:59:55","slug":"prefeitura-segue-vacinacao-de-2a-doses-de-coronavac-e-astrazeneca-nesta-sexta-23","status":"publish","type":"post","link":"https:\/\/4cantosalagoas.com.br\/portal\/prefeitura-segue-vacinacao-de-2a-doses-de-coronavac-e-astrazeneca-nesta-sexta-23\/","title":{"rendered":"Prefeitura segue vacina\u00e7\u00e3o de 2a doses de Coronavac e Astrazeneca nesta sexta (23)"},"content":{"rendered":"\n<figure class=\"wp-block-image\"><img fetchpriority=\"high\" decoding=\"async\" width=\"1000\" height=\"667\" src=\"http:\/\/4cantosalagoas.com.br\/portal\/wp-content\/uploads\/2021\/04\/rafachafer_vacina_24.03.2021-9.jpg\" alt=\"\" class=\"wp-image-14669\" srcset=\"https:\/\/4cantosalagoas.com.br\/portal\/wp-content\/uploads\/2021\/04\/rafachafer_vacina_24.03.2021-9.jpg 1000w, https:\/\/4cantosalagoas.com.br\/portal\/wp-content\/uploads\/2021\/04\/rafachafer_vacina_24.03.2021-9-300x200.jpg 300w, https:\/\/4cantosalagoas.com.br\/portal\/wp-content\/uploads\/2021\/04\/rafachafer_vacina_24.03.2021-9-768x512.jpg 768w\" sizes=\"(max-width: 1000px) 100vw, 1000px\" \/><figcaption> <br>A Prefeitura de Macei\u00f3 segue, nesta sexta-feira (23), a vacina\u00e7\u00e3o da segunda dose dos idosos que receberam a primeira dose de Coronavac h\u00e1 21 dias ou de AstraZeneca h\u00e1 12 semanas. <\/figcaption><\/figure>\n\n\n\n<p>Ap\u00f3s notifica\u00e7\u00e3o feita pela Secretaria Municipal de Sa\u00fade ao Governo do Estado, foram enviadas, na noite desta quinta-feira (22), mais 5.290 doses do imunizante AstraZeneca e 1.240 da<br>Coronavac.<\/p>\n\n\n\n<p>Segundo a Secretaria Municipal de Sa\u00fade, as doses de Coronavac disponibilizadas pelo estado s\u00f3 devem ser suficientes para esta sexta.J\u00e1 as da Aztrazeneca atendem a demanda deste m\u00eas.<\/p>\n\n\n\n<p>De acordo com a diretora de Vigil\u00e2ncia em Sa\u00fade, Fernanda Rodrigues, idosos e seus familiares precisam estar atentos ao cart\u00e3o de imuniza\u00e7\u00e3o, que cont\u00e9m o tipo de imunizante aplicado e a data exata para o retorno.<\/p>\n\n\n\n<p>\u201cPara quem tomou Astrazeneca, o prazo, entre uma dose e outra, \u00e9 de 12 semanas. J\u00e1 para quem foi vacinado com Coronavac, o tempo \u00e9 menor, entre 21 e 28 dias. Consultar o cart\u00e3o de imuniza\u00e7\u00e3o \u00e9 a maneira que temos para confirmar essas informa\u00e7\u00f5es\u201d, destacou a diretora.<\/p>\n\n\n\n<p>Campanha \u2013 At\u00e9 est\u00e1 quarta-feira, Macei\u00f3 j\u00e1 havia aplicado 221.737 doses. Do total, 156.507 com a primeira dose, e 62.220 com a segunda dose. Todas as informa\u00e7\u00f5es inerentes \u00e0 vacina\u00e7\u00e3o na capital podem ser conferidas no endere\u00e7o eletr\u00f4nico vacina.maceio.al.gov.br.<\/p>\n\n\n\n<p>A vacina\u00e7\u00e3o contra a covid-19 acontece, de 9h \u00e0s 16h, nos oito pontos espalhados pela capital.<\/p>\n\n\n\n<p> Ascom\/SMS<\/p>\n","protected":false},"excerpt":{"rendered":"<p>Ap\u00f3s notifica\u00e7\u00e3o feita pela Secretaria Municipal de Sa\u00fade ao Governo do Estado, foram enviadas, na noite desta<\/p>\n","protected":false},"author":1,"featured_media":14669,"comment_status":"open","ping_status":"open","sticky":false,"template":"","format":"standard","meta":{"footnotes":""},"categories":[60],"tags":[],"class_list":["post-14668","post","type-post","status-publish","format-standard","has-post-thumbnail","hentry","category-capa"],"_links":{"self":[{"href":"https:\/\/4cantosalagoas.com.br\/portal\/wp-json\/wp\/v2\/posts\/14668","targetHints":{"allow":["GET"]}}],"collection":[{"href":"https:\/\/4cantosalagoas.com.br\/portal\/wp-json\/wp\/v2\/posts"}],"about":[{"href":"https:\/\/4cantosalagoas.com.br\/portal\/wp-json\/wp\/v2\/types\/post"}],"author":[{"embeddable":true,"href":"https:\/\/4cantosalagoas.com.br\/portal\/wp-json\/wp\/v2\/users\/1"}],"replies":[{"embeddable":true,"href":"https:\/\/4cantosalagoas.com.br\/portal\/wp-json\/wp\/v2\/comments?post=14668"}],"version-history":[{"count":1,"href":"https:\/\/4cantosalagoas.com.br\/portal\/wp-json\/wp\/v2\/posts\/14668\/revisions"}],"predecessor-version":[{"id":14670,"href":"https:\/\/4cantosalagoas.com.br\/portal\/wp-json\/wp\/v2\/posts\/14668\/revisions\/14670"}],"wp:featuredmedia":[{"embeddable":true,"href":"https:\/\/4cantosalagoas.com.br\/portal\/wp-json\/wp\/v2\/media\/14669"}],"wp:attachment":[{"href":"https:\/\/4cantosalagoas.com.br\/portal\/wp-json\/wp\/v2\/media?parent=14668"}],"wp:term":[{"taxonomy":"category","embeddable":true,"href":"https:\/\/4cantosalagoas.com.br\/portal\/wp-json\/wp\/v2\/categories?post=14668"},{"taxonomy":"post_tag","embeddable":true,"href":"https:\/\/4cantosalagoas.com.br\/portal\/wp-json\/wp\/v2\/tags?post=14668"}],"curies":[{"name":"wp","href":"https:\/\/api.w.org\/{rel}","templated":true}]}}