{"id":14651,"date":"2021-04-20T18:30:28","date_gmt":"2021-04-20T21:30:28","guid":{"rendered":"http:\/\/4cantosalagoas.com.br\/portal\/?p=14651"},"modified":"2021-04-20T18:30:33","modified_gmt":"2021-04-20T21:30:33","slug":"governador-sanciona-lei-que-torna-obrigatorio-uso-de-mascaras-em-alagoas","status":"publish","type":"post","link":"https:\/\/4cantosalagoas.com.br\/portal\/governador-sanciona-lei-que-torna-obrigatorio-uso-de-mascaras-em-alagoas\/","title":{"rendered":"Governador sanciona lei que torna obrigat\u00f3rio uso de m\u00e1scaras em Alagoas"},"content":{"rendered":"\n<figure class=\"wp-block-image\"><img fetchpriority=\"high\" decoding=\"async\" width=\"600\" height=\"400\" src=\"http:\/\/4cantosalagoas.com.br\/portal\/wp-content\/uploads\/2021\/04\/b0a13a4f63dee514cea895f0342954be_L.jpg\" alt=\"\" class=\"wp-image-14652\" srcset=\"https:\/\/4cantosalagoas.com.br\/portal\/wp-content\/uploads\/2021\/04\/b0a13a4f63dee514cea895f0342954be_L.jpg 600w, https:\/\/4cantosalagoas.com.br\/portal\/wp-content\/uploads\/2021\/04\/b0a13a4f63dee514cea895f0342954be_L-300x200.jpg 300w\" sizes=\"(max-width: 600px) 100vw, 600px\" \/><figcaption> <br>Governo sancionou lei que torna obrigat\u00f3rio uso de m\u00e1scaras em locais p\u00fablicos em todo Estado de Alagoa Foto\/<em>Felipe Brasil<\/em> <\/figcaption><\/figure>\n\n\n\n<p>O governador Renan Filho sancionou nessa segunda-feira (19) a Lei N\u00ba 8.407, que torna obrigat\u00f3rio o uso de m\u00e1scara de prote\u00e7\u00e3o contra a Covid-19 em locais p\u00fablicos em todo Estado de Alagoas.&nbsp;<\/p>\n\n\n\n<p>A san\u00e7\u00e3o foi publicada em Edi\u00e7\u00e3o Suplementar no Di\u00e1rio Oficial do Estado (DOE) e estar\u00e1 valendo enquanto estiver em vig\u00eancia o Decreto Estadual n\u00ba 69.541, de 20 de mar\u00e7o de 2020, que imp\u00f5e medidas de restri\u00e7\u00f5es para conter a pandemia da Covid-19. &nbsp;Os decretos estaduais ao longo da pandemia em Alagoas j\u00e1 recomendavam como uma das principais medidas de enfrentamento \u00e0 Covid-19 o uso de m\u00e1scaras de prote\u00e7\u00e3o individual.<\/p>\n\n\n\n<p>Agora com a Lei sancionada pelo governador Renan Filho, os cidad\u00e3os devem utilizar a m\u00e1scara obrigatoriamente em locais p\u00fablicos e podem ser multados caso descumpram as normas.&nbsp;<\/p>\n\n\n\n<p>\u201cA pr\u00f3xima fase para o cumprimento total do que estabelece a Lei do Uso Obrigat\u00f3rio de M\u00e1scaras \u00e9 a regulamenta\u00e7\u00e3o, que dir\u00e1 como ser\u00e1 feita e por quem ter\u00e1 a compet\u00eancia de fiscalizar, adverter e aplicar as multas a quem descumprir as normas sancionadas. Devemos, agora, aguardar pronunciamento do governador sobre a regulamenta\u00e7\u00e3o\u201d, disse o secret\u00e1rio do Gabinete Civil, F\u00e1bio Farias. &nbsp;<\/p>\n\n\n\n<p>De acordo ainda com a Lei, considera-se espa\u00e7o p\u00fablico os lugares abertos ao p\u00fablico ou de uso coletivo, tais como:&nbsp;os&nbsp;parques, pra\u00e7as e praias; vias p\u00fablicas, pontos de \u00f4nibus, terminais de transporte coletivo, rodovi\u00e1rias, portos e aeroportos, ve\u00edculos de transporte coletivo, de t\u00e1xi e transporte por aplicativos, reparti\u00e7\u00f5es p\u00fablicas, estabelecimentos comerciais, industriais, banc\u00e1rios, empresas prestadoras de servi\u00e7os e quaisquer estabelecimentos cong\u00eaneres, al\u00e9m de outros locais em que possa haver aglomera\u00e7\u00e3o de pessoas.&nbsp;<\/p>\n\n\n\n<p>Os estabelecimentos, p\u00fablicos ou privados, que estiverem em funcionamento durante o per\u00edodo da pandemia devem proibir a entrada em seu recinto de pessoas, sejam clientes ou funcion\u00e1rios, que n\u00e3o estiverem utilizando m\u00e1scaras, sejam elas caseiras ou profissionais, enquanto durar o Decreto Estadual.&nbsp;<\/p>\n\n\n\n<p><strong>Advert\u00eancia e multa<\/strong><\/p>\n\n\n\n<p>Outro ponto em destaque da Lei est\u00e1 no par\u00e1grafo primeiro, que diz que, na regulamenta\u00e7\u00e3o deste dispositivo, o Poder Executivo dever\u00e1 observar a previs\u00e3o de advert\u00eancia antes da aplica\u00e7\u00e3o de san\u00e7\u00e3o pecuni\u00e1ria, que ser\u00e1 gradativa observando a condi\u00e7\u00e3o econ\u00f4mica do cidad\u00e3o e a reincid\u00eancia, e n\u00e3o poder\u00e1 ser superior a 18 (dezoito) Unidade Padr\u00e3o Fiscal do Estado de Alagoas \u2013 UPFAL, visando \u00e0 conscientiza\u00e7\u00e3o da popula\u00e7\u00e3o da necessidade do uso de m\u00e1scara.&nbsp;<\/p>\n\n\n\n<p>J\u00e1 no segundo par\u00e1grafo, outro ponto importante \u00e9 que em nenhuma hip\u00f3tese ser\u00e1 exig\u00edvel a cobran\u00e7a da multa pelo descumprimento da obriga\u00e7\u00e3o \u00e0s popula\u00e7\u00f5es vulner\u00e1veis economicamente, assim como a obriga\u00e7\u00e3o prevista no caput deste artigo ser\u00e1 dispensada no caso de pessoas com transtorno do espectro autista, com defici\u00eancia intelectual, com defici\u00eancias sensoriais ou quaisquer outras defici\u00eancias que as impe\u00e7am de fazer o uso adequado de m\u00e1scara de prote\u00e7\u00e3o facial, conforme declara\u00e7\u00e3o m\u00e9dica, que poder\u00e1 ser obtida por meio digital, bem como no caso de crian\u00e7as com menos de 3 (tr\u00eas) anos de idade.\u00a0<\/p>\n\n\n\n<p>Assessoria<\/p>\n","protected":false},"excerpt":{"rendered":"<p>O governador Renan Filho sancionou nessa segunda-feira (19) a Lei N\u00ba 8.407, que torna obrigat\u00f3rio o uso<\/p>\n","protected":false},"author":1,"featured_media":14652,"comment_status":"open","ping_status":"open","sticky":false,"template":"","format":"standard","meta":{"footnotes":""},"categories":[60],"tags":[],"class_list":["post-14651","post","type-post","status-publish","format-standard","has-post-thumbnail","hentry","category-capa"],"_links":{"self":[{"href":"https:\/\/4cantosalagoas.com.br\/portal\/wp-json\/wp\/v2\/posts\/14651","targetHints":{"allow":["GET"]}}],"collection":[{"href":"https:\/\/4cantosalagoas.com.br\/portal\/wp-json\/wp\/v2\/posts"}],"about":[{"href":"https:\/\/4cantosalagoas.com.br\/portal\/wp-json\/wp\/v2\/types\/post"}],"author":[{"embeddable":true,"href":"https:\/\/4cantosalagoas.com.br\/portal\/wp-json\/wp\/v2\/users\/1"}],"replies":[{"embeddable":true,"href":"https:\/\/4cantosalagoas.com.br\/portal\/wp-json\/wp\/v2\/comments?post=14651"}],"version-history":[{"count":1,"href":"https:\/\/4cantosalagoas.com.br\/portal\/wp-json\/wp\/v2\/posts\/14651\/revisions"}],"predecessor-version":[{"id":14653,"href":"https:\/\/4cantosalagoas.com.br\/portal\/wp-json\/wp\/v2\/posts\/14651\/revisions\/14653"}],"wp:featuredmedia":[{"embeddable":true,"href":"https:\/\/4cantosalagoas.com.br\/portal\/wp-json\/wp\/v2\/media\/14652"}],"wp:attachment":[{"href":"https:\/\/4cantosalagoas.com.br\/portal\/wp-json\/wp\/v2\/media?parent=14651"}],"wp:term":[{"taxonomy":"category","embeddable":true,"href":"https:\/\/4cantosalagoas.com.br\/portal\/wp-json\/wp\/v2\/categories?post=14651"},{"taxonomy":"post_tag","embeddable":true,"href":"https:\/\/4cantosalagoas.com.br\/portal\/wp-json\/wp\/v2\/tags?post=14651"}],"curies":[{"name":"wp","href":"https:\/\/api.w.org\/{rel}","templated":true}]}}