{"id":14649,"date":"2021-04-20T18:26:11","date_gmt":"2021-04-20T21:26:11","guid":{"rendered":"http:\/\/4cantosalagoas.com.br\/portal\/?p=14649"},"modified":"2021-04-20T18:26:15","modified_gmt":"2021-04-20T21:26:15","slug":"segundo-acusado-de-tentativa-de-homicidio-e-preso-em-batalha","status":"publish","type":"post","link":"https:\/\/4cantosalagoas.com.br\/portal\/segundo-acusado-de-tentativa-de-homicidio-e-preso-em-batalha\/","title":{"rendered":"Segundo acusado de tentativa de homic\u00eddio \u00e9 preso em Batalha"},"content":{"rendered":"\n<figure class=\"wp-block-image\"><img fetchpriority=\"high\" decoding=\"async\" width=\"859\" height=\"783\" src=\"http:\/\/4cantosalagoas.com.br\/portal\/wp-content\/uploads\/2020\/02\/pc.jpg\" alt=\"\" class=\"wp-image-10283\" srcset=\"https:\/\/4cantosalagoas.com.br\/portal\/wp-content\/uploads\/2020\/02\/pc.jpg 859w, https:\/\/4cantosalagoas.com.br\/portal\/wp-content\/uploads\/2020\/02\/pc-300x273.jpg 300w, https:\/\/4cantosalagoas.com.br\/portal\/wp-content\/uploads\/2020\/02\/pc-768x700.jpg 768w\" sizes=\"(max-width: 859px) 100vw, 859px\" \/><figcaption>Policia Civil Assessoria<\/figcaption><\/figure>\n\n\n\n<p>Um homem de 27 anos de idade&nbsp;foi preso, nesta ter\u00e7a-feria (20), no bairro Alto S\u00e3o Jorge, na cidade de Batalha, pela equipe da Pol\u00edcia Civil da Delegacia Regional de Batalha, comandada pela delegada&nbsp;Daniella Andrade.<\/p>\n\n\n\n<p>A pris\u00e3o foi em&nbsp;um cumprimento a&nbsp;mandado de pris\u00e3o preventiva, expedido pela ju\u00edza Amine Mafra.<\/p>\n\n\n\n<p><br>De acordo com a delegada Daniella, titular da Regional&nbsp;de Batalha, o homem&nbsp;\u00e9 acusado&nbsp;do crime de tentativa de homic\u00eddio, ocorrido em 5 de maio de 2019, na Rua Jos\u00e9 Alfredo Silva. Na a\u00e7\u00e3o criminosa, ele teve a participa\u00e7\u00e3o de um comprarsa, que j\u00e1 est\u00e1 preso.<\/p>\n\n\n\n<p><br>A autoridade policial disse ainda que&nbsp;os dois suspeitos atentaram contra a vida de dois homens, mediante disparos de arma de fogo. &#8220;As v\u00edtimas conseguiram fugir do local, entretanto, uma crian\u00e7a foi atingida pelos autores, enquanto estes atentaram contra a vida das v\u00edtimas&#8221;, revelou a delegada Daniella Andrade.<\/p>\n","protected":false},"excerpt":{"rendered":"<p>Um homem de 27 anos de idade&nbsp;foi preso, nesta ter\u00e7a-feria (20), no bairro Alto S\u00e3o Jorge, na<\/p>\n","protected":false},"author":1,"featured_media":10283,"comment_status":"open","ping_status":"open","sticky":false,"template":"","format":"standard","meta":{"footnotes":""},"categories":[11],"tags":[],"class_list":["post-14649","post","type-post","status-publish","format-standard","has-post-thumbnail","hentry","category-policia"],"_links":{"self":[{"href":"https:\/\/4cantosalagoas.com.br\/portal\/wp-json\/wp\/v2\/posts\/14649","targetHints":{"allow":["GET"]}}],"collection":[{"href":"https:\/\/4cantosalagoas.com.br\/portal\/wp-json\/wp\/v2\/posts"}],"about":[{"href":"https:\/\/4cantosalagoas.com.br\/portal\/wp-json\/wp\/v2\/types\/post"}],"author":[{"embeddable":true,"href":"https:\/\/4cantosalagoas.com.br\/portal\/wp-json\/wp\/v2\/users\/1"}],"replies":[{"embeddable":true,"href":"https:\/\/4cantosalagoas.com.br\/portal\/wp-json\/wp\/v2\/comments?post=14649"}],"version-history":[{"count":1,"href":"https:\/\/4cantosalagoas.com.br\/portal\/wp-json\/wp\/v2\/posts\/14649\/revisions"}],"predecessor-version":[{"id":14650,"href":"https:\/\/4cantosalagoas.com.br\/portal\/wp-json\/wp\/v2\/posts\/14649\/revisions\/14650"}],"wp:featuredmedia":[{"embeddable":true,"href":"https:\/\/4cantosalagoas.com.br\/portal\/wp-json\/wp\/v2\/media\/10283"}],"wp:attachment":[{"href":"https:\/\/4cantosalagoas.com.br\/portal\/wp-json\/wp\/v2\/media?parent=14649"}],"wp:term":[{"taxonomy":"category","embeddable":true,"href":"https:\/\/4cantosalagoas.com.br\/portal\/wp-json\/wp\/v2\/categories?post=14649"},{"taxonomy":"post_tag","embeddable":true,"href":"https:\/\/4cantosalagoas.com.br\/portal\/wp-json\/wp\/v2\/tags?post=14649"}],"curies":[{"name":"wp","href":"https:\/\/api.w.org\/{rel}","templated":true}]}}