{"id":14620,"date":"2021-04-17T08:40:24","date_gmt":"2021-04-17T11:40:24","guid":{"rendered":"http:\/\/4cantosalagoas.com.br\/portal\/?p=14620"},"modified":"2021-04-17T08:40:29","modified_gmt":"2021-04-17T11:40:29","slug":"novo-calendario-de-vacinacao-contra-covid-19-inicia-neste-sabado-17","status":"publish","type":"post","link":"https:\/\/4cantosalagoas.com.br\/portal\/novo-calendario-de-vacinacao-contra-covid-19-inicia-neste-sabado-17\/","title":{"rendered":"Novo calend\u00e1rio de vacina\u00e7\u00e3o contra covid-19 inicia neste s\u00e1bado (17)"},"content":{"rendered":"\n<figure class=\"wp-block-image\"><img fetchpriority=\"high\" decoding=\"async\" width=\"1536\" height=\"1024\" src=\"https:\/\/i2.wp.com\/4cantosalagoas.com.br\/portal\/wp-content\/uploads\/2021\/04\/Vacinacao_Dimingo-24-1536x1024.jpg?fit=1024%2C683\" alt=\"\" class=\"wp-image-14621\" srcset=\"https:\/\/4cantosalagoas.com.br\/portal\/wp-content\/uploads\/2021\/04\/Vacinacao_Dimingo-24-1536x1024.jpg 1536w, https:\/\/4cantosalagoas.com.br\/portal\/wp-content\/uploads\/2021\/04\/Vacinacao_Dimingo-24-1536x1024-300x200.jpg 300w, https:\/\/4cantosalagoas.com.br\/portal\/wp-content\/uploads\/2021\/04\/Vacinacao_Dimingo-24-1536x1024-768x512.jpg 768w, https:\/\/4cantosalagoas.com.br\/portal\/wp-content\/uploads\/2021\/04\/Vacinacao_Dimingo-24-1536x1024-1024x683.jpg 1024w\" sizes=\"(max-width: 1536px) 100vw, 1536px\" \/><figcaption>Assessoria<\/figcaption><\/figure>\n\n\n\n<p>A Prefeitura de Macei\u00f3 anuncia o novo calend\u00e1rio de vacina\u00e7\u00e3o contra a covid-19. A partir deste s\u00e1bado (17), come\u00e7am a ser vacinados os trabalhadores de sa\u00fade com 34 anos ou mais e as pessoas com S\u00edndrome de Down na faixa et\u00e1ria de 18 a 59 anos. No domingo (17), come\u00e7a a vacina\u00e7\u00e3o das pessoas com comorbidades definidas como priorit\u00e1rias no Plano Nacional de Imuniza\u00e7\u00e3o que estejam na faixa et\u00e1ria de 59 anos ou mais.<\/p>\n\n\n\n<p>Confira&nbsp;<a href=\"http:\/\/www.maceio.al.gov.br\/wp-content\/uploads\/2021\/04\/pdf\/2021\/04\/COMORBIDADES-VACINA-COVID19.pdf\" target=\"_blank\" rel=\"noreferrer noopener\">aqui<\/a>&nbsp;a lista das comorbidades.<\/p>\n\n\n\n<p>Nesse grupo, os doentes renais cr\u00f4nicos em di\u00e1lise receber\u00e3o as doses nos locais onde realizam tratamento, de acordo com agendamento do hospital, junto ao setor de imuniza\u00e7\u00e3o.<\/p>\n\n\n\n<p><strong>Documentos<\/strong><\/p>\n\n\n\n<p>Al\u00e9m de documento com foto e CPF, para efeitos de comprova\u00e7\u00e3o da comorbidade alegada, as equipes da SMS poder\u00e3o considerar a apresenta\u00e7\u00e3o de quaisquer dos seguintes documentos (original e c\u00f3pia, que ficar\u00e1 retida), listados abaixo:<\/p>\n\n\n\n<p>\u2013 Prescri\u00e7\u00e3o m\u00e9dica para a vacina contendo a condi\u00e7\u00e3o que justifica a imuniza\u00e7\u00e3o;<\/p>\n\n\n\n<p>\u2013 Exames espec\u00edficos que estabelecem o diagn\u00f3stico;<\/p>\n\n\n\n<p>\u2013 Relat\u00f3rio m\u00e9dico;<\/p>\n\n\n\n<p>\u2013 Receitas para terap\u00eautica espec\u00edfica de condi\u00e7\u00f5es descritas;<\/p>\n\n\n\n<p>\u2013 Cadastros em sistemas espec\u00edficos do Sistema \u00danico de Sa\u00fade.<\/p>\n\n\n\n<p><strong>Pontos de vacina\u00e7\u00e3o<\/strong><\/p>\n\n\n\n<p>\u00c0 exce\u00e7\u00e3o dos doentes renais cr\u00f4nicos, que ser\u00e3o imunizados em seus locais de tratamento, a vacina\u00e7\u00e3o dos demais grupos seguir\u00e1 acontecendo das 9h \u00e0s 16h, nos oito pontos instalados em Macei\u00f3, que s\u00e3o: drive-thrus do estacionamento de Jaragu\u00e1 e da Justi\u00e7a Federal (Serraria) e os pontos fixos do Macei\u00f3 Shopping (Mangabeiras), P\u00e1tio Shopping (Benedito Bentes), Pra\u00e7a Padre C\u00edcero (Benedito Bentes), Pra\u00e7a do Terminal do Osman Loureiro, \u00e1rea externa do Gin\u00e1sio Arivaldo Maia (Jacintinho) e Pap\u00f3dromo (Vergel do Lago).<\/p>\n\n\n\n<p><strong>Vacina\u00e7\u00e3o para demais p\u00fablicos<\/strong><\/p>\n\n\n\n<p>A Prefeitura de Macei\u00f3 continuar\u00e1 vacinando, com a primeira dose, os idosos a partir de 60 anos. Tamb\u00e9m seguir\u00e1 acontecendo nos oito pontos de vacina\u00e7\u00e3o a aplica\u00e7\u00e3o da segunda dose do imunizante, para aqueles maceioenses que ir\u00e3o concluir seu esquema vacinal contra a Covid-19.<\/p>\n\n\n\n<p>Assessoria<\/p>\n","protected":false},"excerpt":{"rendered":"<p>A Prefeitura de Macei\u00f3 anuncia o novo calend\u00e1rio de vacina\u00e7\u00e3o contra a covid-19. A partir deste s\u00e1bado<\/p>\n","protected":false},"author":1,"featured_media":14621,"comment_status":"open","ping_status":"open","sticky":false,"template":"","format":"standard","meta":{"footnotes":""},"categories":[5],"tags":[],"class_list":["post-14620","post","type-post","status-publish","format-standard","has-post-thumbnail","hentry","category-maceio"],"_links":{"self":[{"href":"https:\/\/4cantosalagoas.com.br\/portal\/wp-json\/wp\/v2\/posts\/14620","targetHints":{"allow":["GET"]}}],"collection":[{"href":"https:\/\/4cantosalagoas.com.br\/portal\/wp-json\/wp\/v2\/posts"}],"about":[{"href":"https:\/\/4cantosalagoas.com.br\/portal\/wp-json\/wp\/v2\/types\/post"}],"author":[{"embeddable":true,"href":"https:\/\/4cantosalagoas.com.br\/portal\/wp-json\/wp\/v2\/users\/1"}],"replies":[{"embeddable":true,"href":"https:\/\/4cantosalagoas.com.br\/portal\/wp-json\/wp\/v2\/comments?post=14620"}],"version-history":[{"count":1,"href":"https:\/\/4cantosalagoas.com.br\/portal\/wp-json\/wp\/v2\/posts\/14620\/revisions"}],"predecessor-version":[{"id":14622,"href":"https:\/\/4cantosalagoas.com.br\/portal\/wp-json\/wp\/v2\/posts\/14620\/revisions\/14622"}],"wp:featuredmedia":[{"embeddable":true,"href":"https:\/\/4cantosalagoas.com.br\/portal\/wp-json\/wp\/v2\/media\/14621"}],"wp:attachment":[{"href":"https:\/\/4cantosalagoas.com.br\/portal\/wp-json\/wp\/v2\/media?parent=14620"}],"wp:term":[{"taxonomy":"category","embeddable":true,"href":"https:\/\/4cantosalagoas.com.br\/portal\/wp-json\/wp\/v2\/categories?post=14620"},{"taxonomy":"post_tag","embeddable":true,"href":"https:\/\/4cantosalagoas.com.br\/portal\/wp-json\/wp\/v2\/tags?post=14620"}],"curies":[{"name":"wp","href":"https:\/\/api.w.org\/{rel}","templated":true}]}}