{"id":14617,"date":"2021-04-17T08:37:26","date_gmt":"2021-04-17T11:37:26","guid":{"rendered":"http:\/\/4cantosalagoas.com.br\/portal\/?p=14617"},"modified":"2021-04-17T08:37:31","modified_gmt":"2021-04-17T11:37:31","slug":"muro-irregular-ameaca-cair-e-obriga-25-familias-a-deixar-as-casas-em-bebedouro","status":"publish","type":"post","link":"https:\/\/4cantosalagoas.com.br\/portal\/muro-irregular-ameaca-cair-e-obriga-25-familias-a-deixar-as-casas-em-bebedouro\/","title":{"rendered":"Muro irregular ameaca cair e obriga 25 fam\u00edlias a deixar as casas em Bebedouro"},"content":{"rendered":"\n<figure class=\"wp-block-image\"><img fetchpriority=\"high\" decoding=\"async\" width=\"1280\" height=\"853\" src=\"https:\/\/i1.wp.com\/4cantosalagoas.com.br\/portal\/wp-content\/uploads\/2021\/04\/moru.jpeg?fit=1024%2C682\" alt=\"\" class=\"wp-image-14618\" srcset=\"https:\/\/4cantosalagoas.com.br\/portal\/wp-content\/uploads\/2021\/04\/moru.jpeg 1280w, https:\/\/4cantosalagoas.com.br\/portal\/wp-content\/uploads\/2021\/04\/moru-300x200.jpeg 300w, https:\/\/4cantosalagoas.com.br\/portal\/wp-content\/uploads\/2021\/04\/moru-768x512.jpeg 768w, https:\/\/4cantosalagoas.com.br\/portal\/wp-content\/uploads\/2021\/04\/moru-1024x682.jpeg 1024w\" sizes=\"(max-width: 1280px) 100vw, 1280px\" \/><figcaption> <br>Muro amea\u00e7a desabar sobre casas do Flexal. Foto: Defesa Civil <\/figcaption><\/figure>\n\n\n\n<p>Uma constru\u00e7\u00e3o irregular na Ch\u00e3 de Bebedouro obrigou 25 fam\u00edlias de Macei\u00f3 a deixarem suas casas na tarde desta sexta-feira (16), ap\u00f3s o muro de conten\u00e7\u00e3o do local rachar devido ao acumulado de chuva dos \u00faltimos dias. Equipes da Defesa Civil de Macei\u00f3, da Secretaria de Desenvolvimento Territorial e Meio Ambiente (Sedet) e da Guarda Municipal estiveram no local e autuaram o propriet\u00e1rio do local.<\/p>\n\n\n\n<p>De acordo com o coordenador da Defesa Civil de Macei\u00f3, Abelardo Nobre, a estrutura apresenta rachaduras e oferece risco \u00e0s fam\u00edlias que moram na regi\u00e3o do Flexal.<\/p>\n\n\n\n<p>\u201cO propriet\u00e1rio do terreno fez uma constru\u00e7\u00e3o irregular num terreno de aproximadamente 40 metros. A constru\u00e7\u00e3o \u00e9 um muro feito de pedra rach\u00e3o e foi aterrada com dezenas de ca\u00e7ambas de aterro. Com a chuva, o material ficou muito pesado para a obra, que agora amea\u00e7a desabar\u201d, explicou.<\/p>\n\n\n\n<p>O coordenador disse ainda que o propriet\u00e1rio dever\u00e1 pagar o aluguel social \u00e0s 25 fam\u00edlias, no valor de R$ 250, para que elas possam ir para um local seguro.<\/p>\n\n\n\n<p>\u201cEle vai pagar essa repara\u00e7\u00e3o a essas fam\u00edlias e recebeu a terceira notifica\u00e7\u00e3o do pessoal da Sedet. A segunda notifica\u00e7\u00e3o foi aplicada por constru\u00e7\u00e3o irregular. No local n\u00e3o havia placa de identifica\u00e7\u00e3o da obra e ele, que \u00e9 engenheiro, n\u00e3o tinha Anota\u00e7\u00e3o de Responsabilidade T\u00e9cnica da obra\u201d, concluiu.<\/p>\n\n\n\n<figure class=\"wp-block-image\"><img decoding=\"async\" src=\"http:\/\/www.maceio.al.gov.br\/wp-content\/uploads\/2021\/04\/jpeg\/2021\/04\/839d7692-0fc0-4075-9742-72b0287820cb-1024x682.jpeg\" alt=\"\" class=\"wp-image-402776\"\/><figcaption>Muro amea\u00e7a desabar sobre casas do Flexal. Foto: Defesa Civil<\/figcaption><\/figure>\n\n\n\n<p>Erik Maia\/Secom Macei\u00f3<\/p>\n","protected":false},"excerpt":{"rendered":"<p>Uma constru\u00e7\u00e3o irregular na Ch\u00e3 de Bebedouro obrigou 25 fam\u00edlias de Macei\u00f3 a deixarem suas casas na<\/p>\n","protected":false},"author":1,"featured_media":14618,"comment_status":"open","ping_status":"open","sticky":false,"template":"","format":"standard","meta":{"footnotes":""},"categories":[60],"tags":[],"class_list":["post-14617","post","type-post","status-publish","format-standard","has-post-thumbnail","hentry","category-capa"],"_links":{"self":[{"href":"https:\/\/4cantosalagoas.com.br\/portal\/wp-json\/wp\/v2\/posts\/14617","targetHints":{"allow":["GET"]}}],"collection":[{"href":"https:\/\/4cantosalagoas.com.br\/portal\/wp-json\/wp\/v2\/posts"}],"about":[{"href":"https:\/\/4cantosalagoas.com.br\/portal\/wp-json\/wp\/v2\/types\/post"}],"author":[{"embeddable":true,"href":"https:\/\/4cantosalagoas.com.br\/portal\/wp-json\/wp\/v2\/users\/1"}],"replies":[{"embeddable":true,"href":"https:\/\/4cantosalagoas.com.br\/portal\/wp-json\/wp\/v2\/comments?post=14617"}],"version-history":[{"count":1,"href":"https:\/\/4cantosalagoas.com.br\/portal\/wp-json\/wp\/v2\/posts\/14617\/revisions"}],"predecessor-version":[{"id":14619,"href":"https:\/\/4cantosalagoas.com.br\/portal\/wp-json\/wp\/v2\/posts\/14617\/revisions\/14619"}],"wp:featuredmedia":[{"embeddable":true,"href":"https:\/\/4cantosalagoas.com.br\/portal\/wp-json\/wp\/v2\/media\/14618"}],"wp:attachment":[{"href":"https:\/\/4cantosalagoas.com.br\/portal\/wp-json\/wp\/v2\/media?parent=14617"}],"wp:term":[{"taxonomy":"category","embeddable":true,"href":"https:\/\/4cantosalagoas.com.br\/portal\/wp-json\/wp\/v2\/categories?post=14617"},{"taxonomy":"post_tag","embeddable":true,"href":"https:\/\/4cantosalagoas.com.br\/portal\/wp-json\/wp\/v2\/tags?post=14617"}],"curies":[{"name":"wp","href":"https:\/\/api.w.org\/{rel}","templated":true}]}}