{"id":14609,"date":"2021-04-16T11:26:17","date_gmt":"2021-04-16T14:26:17","guid":{"rendered":"http:\/\/4cantosalagoas.com.br\/portal\/?p=14609"},"modified":"2021-04-16T11:26:20","modified_gmt":"2021-04-16T14:26:20","slug":"preso-homem-foragido-ha-21-anos-acusado-de-matar-pai-e-filho","status":"publish","type":"post","link":"https:\/\/4cantosalagoas.com.br\/portal\/preso-homem-foragido-ha-21-anos-acusado-de-matar-pai-e-filho\/","title":{"rendered":"Preso homem foragido h\u00e1 21 anos acusado de matar pai e filho"},"content":{"rendered":"\n<figure class=\"wp-block-image\"><img fetchpriority=\"high\" decoding=\"async\" width=\"955\" height=\"716\" src=\"http:\/\/4cantosalagoas.com.br\/portal\/wp-content\/uploads\/2019\/02\/imagem-de-pol\u00edcia-civil.jpg\" alt=\"\" class=\"wp-image-6713\" srcset=\"https:\/\/4cantosalagoas.com.br\/portal\/wp-content\/uploads\/2019\/02\/imagem-de-pol\u00edcia-civil.jpg 955w, https:\/\/4cantosalagoas.com.br\/portal\/wp-content\/uploads\/2019\/02\/imagem-de-pol\u00edcia-civil-300x225.jpg 300w, https:\/\/4cantosalagoas.com.br\/portal\/wp-content\/uploads\/2019\/02\/imagem-de-pol\u00edcia-civil-768x576.jpg 768w, https:\/\/4cantosalagoas.com.br\/portal\/wp-content\/uploads\/2019\/02\/imagem-de-pol\u00edcia-civil-375x281.jpg 375w, https:\/\/4cantosalagoas.com.br\/portal\/wp-content\/uploads\/2019\/02\/imagem-de-pol\u00edcia-civil-465x349.jpg 465w, https:\/\/4cantosalagoas.com.br\/portal\/wp-content\/uploads\/2019\/02\/imagem-de-pol\u00edcia-civil-667x500.jpg 667w\" sizes=\"(max-width: 955px) 100vw, 955px\" \/><figcaption>Assessoria<\/figcaption><\/figure>\n\n\n\n<p>Uma opera\u00e7\u00e3o conjunta deflagrada nesta quinta-feira (15) pelas Pol\u00edcias Civis de Alagoas e Pernambuco resultou na pris\u00e3o de um homem, acusado de um duplo-homic\u00eddio, e que estava foragido h\u00e1 21 anos.<\/p>\n\n\n\n<p>De acordo com o delegado Daniel Mayer, titular da delegacia de Piranhas e que participou da a\u00e7\u00e3o policial, ele foi localizado no Povoado de Jurema, zona rural do munic\u00edpio de Delmiro Gouveia, onde estava morando, ap\u00f3s passar v\u00e1rios anos, em S\u00e3o Paulo.<\/p>\n\n\n\n<p>O preso \u00e9 acusado de matar o tio No\u00e9 Rodrigues da Silva e o filho dele, Evandro Oliveira da Silva, em outubro de 2000, na cidade de Tacaratu, interior de Pernambuco.<\/p>\n\n\n\n<p>O crime teve tamb\u00e9m a participa\u00e7\u00e3o de um irm\u00e3o do acusado, e que j\u00e1 havia sido preso em 2018.<\/p>\n\n\n\n<p>Os dois tiveram a pris\u00e3o decretada pela Justi\u00e7a pernambucana. \u00a0\u00a0<\/p>\n\n\n\n<p>Assessoria\u00a0\u00a0\u00a0 <\/p>\n","protected":false},"excerpt":{"rendered":"<p>Uma opera\u00e7\u00e3o conjunta deflagrada nesta quinta-feira (15) pelas Pol\u00edcias Civis de Alagoas e Pernambuco resultou na pris\u00e3o<\/p>\n","protected":false},"author":1,"featured_media":6713,"comment_status":"open","ping_status":"open","sticky":false,"template":"","format":"standard","meta":{"footnotes":""},"categories":[60],"tags":[],"class_list":["post-14609","post","type-post","status-publish","format-standard","has-post-thumbnail","hentry","category-capa"],"_links":{"self":[{"href":"https:\/\/4cantosalagoas.com.br\/portal\/wp-json\/wp\/v2\/posts\/14609","targetHints":{"allow":["GET"]}}],"collection":[{"href":"https:\/\/4cantosalagoas.com.br\/portal\/wp-json\/wp\/v2\/posts"}],"about":[{"href":"https:\/\/4cantosalagoas.com.br\/portal\/wp-json\/wp\/v2\/types\/post"}],"author":[{"embeddable":true,"href":"https:\/\/4cantosalagoas.com.br\/portal\/wp-json\/wp\/v2\/users\/1"}],"replies":[{"embeddable":true,"href":"https:\/\/4cantosalagoas.com.br\/portal\/wp-json\/wp\/v2\/comments?post=14609"}],"version-history":[{"count":1,"href":"https:\/\/4cantosalagoas.com.br\/portal\/wp-json\/wp\/v2\/posts\/14609\/revisions"}],"predecessor-version":[{"id":14610,"href":"https:\/\/4cantosalagoas.com.br\/portal\/wp-json\/wp\/v2\/posts\/14609\/revisions\/14610"}],"wp:featuredmedia":[{"embeddable":true,"href":"https:\/\/4cantosalagoas.com.br\/portal\/wp-json\/wp\/v2\/media\/6713"}],"wp:attachment":[{"href":"https:\/\/4cantosalagoas.com.br\/portal\/wp-json\/wp\/v2\/media?parent=14609"}],"wp:term":[{"taxonomy":"category","embeddable":true,"href":"https:\/\/4cantosalagoas.com.br\/portal\/wp-json\/wp\/v2\/categories?post=14609"},{"taxonomy":"post_tag","embeddable":true,"href":"https:\/\/4cantosalagoas.com.br\/portal\/wp-json\/wp\/v2\/tags?post=14609"}],"curies":[{"name":"wp","href":"https:\/\/api.w.org\/{rel}","templated":true}]}}