{"id":14559,"date":"2021-04-12T17:35:35","date_gmt":"2021-04-12T20:35:35","guid":{"rendered":"http:\/\/4cantosalagoas.com.br\/portal\/?p=14559"},"modified":"2021-04-12T17:35:39","modified_gmt":"2021-04-12T20:35:39","slug":"covid-19-vacinacao-para-trabalhadores-de-saude-a-partir-de-35-anos-tem-inicio-terca-13","status":"publish","type":"post","link":"https:\/\/4cantosalagoas.com.br\/portal\/covid-19-vacinacao-para-trabalhadores-de-saude-a-partir-de-35-anos-tem-inicio-terca-13\/","title":{"rendered":"Covid-19: vacina\u00e7\u00e3o para trabalhadores de sa\u00fade a partir de 35 anos tem in\u00edcio ter\u00e7a (13)"},"content":{"rendered":"\n<figure class=\"wp-block-image\"><img fetchpriority=\"high\" decoding=\"async\" width=\"1024\" height=\"761\" src=\"https:\/\/i0.wp.com\/4cantosalagoas.com.br\/portal\/wp-content\/uploads\/2021\/04\/WhatsApp-Image-2021-02-26-at-10.48.49.jpeg?fit=1024%2C761\" alt=\"\" class=\"wp-image-14560\" srcset=\"https:\/\/4cantosalagoas.com.br\/portal\/wp-content\/uploads\/2021\/04\/WhatsApp-Image-2021-02-26-at-10.48.49.jpeg 1024w, https:\/\/4cantosalagoas.com.br\/portal\/wp-content\/uploads\/2021\/04\/WhatsApp-Image-2021-02-26-at-10.48.49-300x223.jpeg 300w, https:\/\/4cantosalagoas.com.br\/portal\/wp-content\/uploads\/2021\/04\/WhatsApp-Image-2021-02-26-at-10.48.49-768x571.jpeg 768w\" sizes=\"(max-width: 1024px) 100vw, 1024px\" \/><figcaption> <br>P\u00fablico vem sendo imunizado conforme o crit\u00e9rio de faixa et\u00e1ria. Foto: Polyanna Monteiro. Ascom\/ SMS <\/figcaption><\/figure>\n\n\n\n<p>A Prefeitura de Macei\u00f3 amplia, nesta ter\u00e7a-feira (13), a vacina\u00e7\u00e3o para trabalhadores da sa\u00fade a partir de 35 anos de idade, seguindo resolu\u00e7\u00e3o n\u00ba 10 do Comit\u00ea Intergestores Bipartite de Alagoas \u2013 CIB-SUS\/AL, de 16 de mar\u00e7o de 2021.<\/p>\n\n\n\n<p>Para receber a 1\u00aa dose do imunizante, os profissionais dever\u00e3o comparecer, das 9h \u00e0s 16h, a um dos oito pontos de vacina\u00e7\u00e3o instalados na cidade, que s\u00e3o: os drive-thrus do estacionamento de Jaragu\u00e1 e da Justi\u00e7a Federal (Serraria) e os pontos fixos do Macei\u00f3 Shopping (Mangabeiras), P\u00e1tio Shopping (Benedito Bentes), Pra\u00e7a Padre C\u00edcero (Benedito Bentes), Pra\u00e7a do Terminal do Osman Loureiro, \u00e1rea externa do Gin\u00e1sio Arivaldo Maia (Jacintinho) e Pap\u00f3dromo (Vergel do Lago).<\/p>\n\n\n\n<p>No grupo priorit\u00e1rio desta etapa, sempre respeitando a faixa et\u00e1ria anunciada, est\u00e3o os profissionais da sa\u00fade, t\u00e9cnicos, auxiliares e funcion\u00e1rios de apoio que atuam em estabelecimentos de assist\u00eancia e vigil\u00e2ncia \u00e0 sa\u00fade, como hospitais, cl\u00ednicas, ambulat\u00f3rios, laborat\u00f3rios e outros. Tamb\u00e9m est\u00e3o inclusos os trabalhadores que realizam cuidados domiciliares, como doulas e cuidadores de idosos, al\u00e9m de funcion\u00e1rios do sistema funer\u00e1rio (que tiveram contato com cad\u00e1veres potencialmente contaminados pela Covid-19), acad\u00eamicos e estudantes da \u00e1rea t\u00e9cnica em sa\u00fade que estiverem cumprindo est\u00e1gio curricular obrigat\u00f3rio.<\/p>\n\n\n\n<p><strong>Exig\u00eancia<\/strong>&nbsp;\u2013 No ato da vacina\u00e7\u00e3o, os profissionais devem apresentar um documento com foto e CPF, al\u00e9m de original e c\u00f3pia dos documentos elencados a seguir:<\/p>\n\n\n\n<p><strong>1 \u2013<\/strong>&nbsp; Trabalhadores dos servi\u00e7os de sa\u00fade de Macei\u00f3 \u2013&nbsp; Declara\u00e7\u00e3o de V\u00ednculo Empregat\u00edcio emitida pelo Diretor-Geral ou Diretor M\u00e9dico, atestando a condi\u00e7\u00e3o do trabalhador, contracheque atualizado (m\u00eas anterior) ou carteira de trabalho comprovando v\u00ednculo ativo;<\/p>\n\n\n\n<p><strong>2 \u2013<\/strong>&nbsp;Trabalhadores de sa\u00fade aut\u00f4nomos \u2013 Certid\u00e3o de regularidade do respectivo conselho de classe;<\/p>\n\n\n\n<p><strong>3 \u2013<\/strong>&nbsp;Assist\u00eancia domiciliar e trabalhadores de servi\u00e7os funer\u00e1rios \u2013 Carteira de Trabalho que comprove o v\u00ednculo ativo ou contracheque atualizado (m\u00eas anterior);<\/p>\n\n\n\n<p><strong>4-<\/strong>&nbsp;Residentes ou Estudantes em est\u00e1gio \u2013 Declara\u00e7\u00e3o emitida pelo servi\u00e7o onde o estudante est\u00e1 cumprindo o referido est\u00e1gio ou resid\u00eancia.<\/p>\n\n\n\n<p>Polyanna Monteiro. Ascom\/SMS<br><\/p>\n","protected":false},"excerpt":{"rendered":"<p>A Prefeitura de Macei\u00f3 amplia, nesta ter\u00e7a-feira (13), a vacina\u00e7\u00e3o para trabalhadores da sa\u00fade a partir de<\/p>\n","protected":false},"author":1,"featured_media":14560,"comment_status":"open","ping_status":"open","sticky":false,"template":"","format":"standard","meta":{"footnotes":""},"categories":[5],"tags":[],"class_list":["post-14559","post","type-post","status-publish","format-standard","has-post-thumbnail","hentry","category-maceio"],"_links":{"self":[{"href":"https:\/\/4cantosalagoas.com.br\/portal\/wp-json\/wp\/v2\/posts\/14559","targetHints":{"allow":["GET"]}}],"collection":[{"href":"https:\/\/4cantosalagoas.com.br\/portal\/wp-json\/wp\/v2\/posts"}],"about":[{"href":"https:\/\/4cantosalagoas.com.br\/portal\/wp-json\/wp\/v2\/types\/post"}],"author":[{"embeddable":true,"href":"https:\/\/4cantosalagoas.com.br\/portal\/wp-json\/wp\/v2\/users\/1"}],"replies":[{"embeddable":true,"href":"https:\/\/4cantosalagoas.com.br\/portal\/wp-json\/wp\/v2\/comments?post=14559"}],"version-history":[{"count":1,"href":"https:\/\/4cantosalagoas.com.br\/portal\/wp-json\/wp\/v2\/posts\/14559\/revisions"}],"predecessor-version":[{"id":14561,"href":"https:\/\/4cantosalagoas.com.br\/portal\/wp-json\/wp\/v2\/posts\/14559\/revisions\/14561"}],"wp:featuredmedia":[{"embeddable":true,"href":"https:\/\/4cantosalagoas.com.br\/portal\/wp-json\/wp\/v2\/media\/14560"}],"wp:attachment":[{"href":"https:\/\/4cantosalagoas.com.br\/portal\/wp-json\/wp\/v2\/media?parent=14559"}],"wp:term":[{"taxonomy":"category","embeddable":true,"href":"https:\/\/4cantosalagoas.com.br\/portal\/wp-json\/wp\/v2\/categories?post=14559"},{"taxonomy":"post_tag","embeddable":true,"href":"https:\/\/4cantosalagoas.com.br\/portal\/wp-json\/wp\/v2\/tags?post=14559"}],"curies":[{"name":"wp","href":"https:\/\/api.w.org\/{rel}","templated":true}]}}