{"id":14553,"date":"2021-04-12T08:08:26","date_gmt":"2021-04-12T11:08:26","guid":{"rendered":"http:\/\/4cantosalagoas.com.br\/portal\/?p=14553"},"modified":"2021-04-12T08:08:31","modified_gmt":"2021-04-12T11:08:31","slug":"av-pierre-chalita-passa-por-nova-limpeza-nos-proximos-dias","status":"publish","type":"post","link":"https:\/\/4cantosalagoas.com.br\/portal\/av-pierre-chalita-passa-por-nova-limpeza-nos-proximos-dias\/","title":{"rendered":"Av. Pierre Chalita passa por nova limpeza nos pr\u00f3ximos dias"},"content":{"rendered":"\n<figure class=\"wp-block-image\"><img fetchpriority=\"high\" decoding=\"async\" width=\"489\" height=\"636\" src=\"http:\/\/4cantosalagoas.com.br\/portal\/wp-content\/uploads\/2021\/04\/WhatsApp-Image-2021-04-11-at-19.32.06.jpeg\" alt=\"\" class=\"wp-image-14554\" srcset=\"https:\/\/4cantosalagoas.com.br\/portal\/wp-content\/uploads\/2021\/04\/WhatsApp-Image-2021-04-11-at-19.32.06.jpeg 489w, https:\/\/4cantosalagoas.com.br\/portal\/wp-content\/uploads\/2021\/04\/WhatsApp-Image-2021-04-11-at-19.32.06-231x300.jpeg 231w\" sizes=\"(max-width: 489px) 100vw, 489px\" \/><figcaption> <br>Equipe da Seminfra atua na Ladeira de Fern\u00e3o Velho. Foto: Ascom Seminfra <\/figcaption><\/figure>\n\n\n\n<p>A Prefeitura de Macei\u00f3 registrou deslizamento de terra na Avenida Pierre Chalita, no bairro do S\u00e3o Jorge. Devido \u00e0s fortes chuvas nas \u00faltimas 24h na capital, o barro tomou conta da pista, interditando o tr\u00e2nsito. Uma equipe da Secretaria Municipal de Infraestrutura (Seminfra) ser\u00e1 enviada ao local nos pr\u00f3ximos dias para realizar a limpeza da via.<\/p>\n\n\n\n<p>Na manh\u00e3 deste domingo (11), uma equipe da Secretaria esteve no local com uma retroescavadeira e uma ca\u00e7amba para limpar a estrada. No entanto, com a eleva\u00e7\u00e3o do n\u00edvel do Rio Jacarecica, que invadiu parte da avenida, uma nova limpeza ser\u00e1 necess\u00e1ria para liberar o fluxo de ve\u00edculos na regi\u00e3o. Assim que a condi\u00e7\u00e3o meteorol\u00f3gica se estabilizar e o n\u00edvel da \u00e1gua baixar, as equipes retornar\u00e3o ao local.<\/p>\n\n\n\n<p>Tamb\u00e9m foram registrados deslizamentos de terra em outros pontos da cidade. \u00c9 o caso das Ladeiras da Granja, em Bebedouro, e de Fern\u00e3o Velho. A Seminfra tamb\u00e9m esteve no local para desobstruir as pistas.<\/p>\n\n\n\n<p>\u201cDurante todo o fim de semana, as equipes estiveram nas ruas, identificando e resolvendo os riscos \u00e0 popula\u00e7\u00e3o. Seguiremos atuando para minimizar os problemas que atingem a cidade por conta das fortes chuvas\u201d, , destacou o secret\u00e1rio municipal de Infraestrutura, Nemer Ibrahim.<\/p>\n\n\n\n<p>Daniel Paulino (Estagi\u00e1rio) \/ Ascom Seminfra<\/p>\n","protected":false},"excerpt":{"rendered":"<p>A Prefeitura de Macei\u00f3 registrou deslizamento de terra na Avenida Pierre Chalita, no bairro do S\u00e3o Jorge.<\/p>\n","protected":false},"author":1,"featured_media":14554,"comment_status":"open","ping_status":"open","sticky":false,"template":"","format":"standard","meta":{"footnotes":""},"categories":[5],"tags":[],"class_list":["post-14553","post","type-post","status-publish","format-standard","has-post-thumbnail","hentry","category-maceio"],"_links":{"self":[{"href":"https:\/\/4cantosalagoas.com.br\/portal\/wp-json\/wp\/v2\/posts\/14553","targetHints":{"allow":["GET"]}}],"collection":[{"href":"https:\/\/4cantosalagoas.com.br\/portal\/wp-json\/wp\/v2\/posts"}],"about":[{"href":"https:\/\/4cantosalagoas.com.br\/portal\/wp-json\/wp\/v2\/types\/post"}],"author":[{"embeddable":true,"href":"https:\/\/4cantosalagoas.com.br\/portal\/wp-json\/wp\/v2\/users\/1"}],"replies":[{"embeddable":true,"href":"https:\/\/4cantosalagoas.com.br\/portal\/wp-json\/wp\/v2\/comments?post=14553"}],"version-history":[{"count":1,"href":"https:\/\/4cantosalagoas.com.br\/portal\/wp-json\/wp\/v2\/posts\/14553\/revisions"}],"predecessor-version":[{"id":14555,"href":"https:\/\/4cantosalagoas.com.br\/portal\/wp-json\/wp\/v2\/posts\/14553\/revisions\/14555"}],"wp:featuredmedia":[{"embeddable":true,"href":"https:\/\/4cantosalagoas.com.br\/portal\/wp-json\/wp\/v2\/media\/14554"}],"wp:attachment":[{"href":"https:\/\/4cantosalagoas.com.br\/portal\/wp-json\/wp\/v2\/media?parent=14553"}],"wp:term":[{"taxonomy":"category","embeddable":true,"href":"https:\/\/4cantosalagoas.com.br\/portal\/wp-json\/wp\/v2\/categories?post=14553"},{"taxonomy":"post_tag","embeddable":true,"href":"https:\/\/4cantosalagoas.com.br\/portal\/wp-json\/wp\/v2\/tags?post=14553"}],"curies":[{"name":"wp","href":"https:\/\/api.w.org\/{rel}","templated":true}]}}