{"id":14545,"date":"2021-04-09T17:40:33","date_gmt":"2021-04-09T20:40:33","guid":{"rendered":"http:\/\/4cantosalagoas.com.br\/portal\/?p=14545"},"modified":"2021-04-09T17:40:38","modified_gmt":"2021-04-09T20:40:38","slug":"volume-total-do-novo-auxilio-emergencial-nao-chega-a-14-do-empenhado-em-2020","status":"publish","type":"post","link":"https:\/\/4cantosalagoas.com.br\/portal\/volume-total-do-novo-auxilio-emergencial-nao-chega-a-14-do-empenhado-em-2020\/","title":{"rendered":"Volume total do novo Aux\u00edlio Emergencial n\u00e3o chega a 14% do empenhado em 2020"},"content":{"rendered":"\n<figure class=\"wp-block-image\"><img fetchpriority=\"high\" decoding=\"async\" width=\"600\" height=\"450\" src=\"http:\/\/4cantosalagoas.com.br\/portal\/wp-content\/uploads\/2018\/05\/serr4.jpg\" alt=\"\" class=\"wp-image-3363\" srcset=\"https:\/\/4cantosalagoas.com.br\/portal\/wp-content\/uploads\/2018\/05\/serr4.jpg 600w, https:\/\/4cantosalagoas.com.br\/portal\/wp-content\/uploads\/2018\/05\/serr4-300x225.jpg 300w, https:\/\/4cantosalagoas.com.br\/portal\/wp-content\/uploads\/2018\/05\/serr4-375x281.jpg 375w, https:\/\/4cantosalagoas.com.br\/portal\/wp-content\/uploads\/2018\/05\/serr4-465x349.jpg 465w\" sizes=\"(max-width: 600px) 100vw, 600px\" \/><figcaption>Fecom\u00e9rcio AL (@FecomercioAL) | Twitter<\/figcaption><\/figure>\n\n\n\n<p>A primeira parcela do Aux\u00edlio Emergencial 2021 aos benefici\u00e1rios nascidos em fevereiro e que n\u00e3o fazem parte do Bolsa Fam\u00edlia est\u00e1 sendo paga pela Caixa Econ\u00f4mica Federal (CEF) nesta sexta-feira (09\/04). Na an\u00e1lise do Instituto Fecom\u00e9rcio AL, a nova etapa do aux\u00edlio deve injetar um volume superior a R$ 188 milh\u00f5es mensais, totalizando aproximadamente R$ 750 milh\u00f5es at\u00e9 o final de julho, beneficiando mais de 700 mil pessoas com condi\u00e7\u00f5es sociais mais vulner\u00e1veis.<\/p>\n\n\n\n<p>O assessor econ\u00f4mico da Federa\u00e7\u00e3o do Com\u00e9rcio de Bens, Servi\u00e7os e Turismo do Estado de Alagoas (Fecom\u00e9rcio AL), Victor Hortencio, ressalta que, quando comparado \u00e0 vers\u00e3o 2020, o novo aux\u00edlio \u00e9 menor em todos os sentidos: volume, parcelas e cobertura. \u201cO or\u00e7amento da renova\u00e7\u00e3o do Aux\u00edlio Emergencial para 2021 vem consideravelmente mais enxuto do que o ano passado. Em termos percentuais, o novo volume de recursos n\u00e3o chega a 14% dos R$ 322 bilh\u00f5es empenhados em 2020, totalizando, em termos absolutos R$ 44,86 bilh\u00f5es, destinados apenas a 40 milh\u00f5es de brasileiros, quase metade dos 68 milh\u00f5es atendidos no ano passado\u201d, destaca.<\/p>\n\n\n\n<p>Isto porque a nova roupagem do programa disponibiliza quatro parcelas mensais de R$ 150 para fam\u00edlias de uma pessoa s\u00f3, R$ 250 para fam\u00edlias de duas ou mais pessoas e R$ 375 para m\u00e3es chefes de fam\u00edlia monoparental; faixas bem diferentes das estabelecidas quando o benef\u00edcio foi lan\u00e7ado: R$ 600, entre os meses de abril e agosto de 2020; e de R$ 300, quando foi estendido at\u00e9 dezembro.<\/p>\n\n\n\n<p>Apesar da redu\u00e7\u00e3o significativa, haver\u00e1 impacto positivo. \u201cN\u00e3o com a propor\u00e7\u00e3o e pot\u00eancia do aux\u00edlio anterior, mas deve seguir o que aconteceu no ano passado, sendo a maior parte utilizada para a aquisi\u00e7\u00e3o de bens no varejo\u201d, observa. De acordo com o economista, dos R$ 5,5 bilh\u00f5es de reais recebidos por mais de 1,2 milh\u00f5es de pessoas na forma de aux\u00edlio, em Alagoas, no ano de 2020, quase R$ 2 bilh\u00f5es foram materializados em compras de bens no varejo, movimentando e injetando liquidez na economia alagoana num momento de paralisia parcial das atividades econ\u00f4micas.<\/p>\n\n\n\n<p>Em 2020, o aux\u00edlio beneficiou 338.035 pessoas em Macei\u00f3, injetando pouco mais de R$ 1,5 bilh\u00e3o na economia;&nbsp;88.887 pessoas em Arapiraca, movimentando mais de R$ 395 milh\u00f5es; 34.514 pessoas em Rio Largo, fazendo circular R$ 163 milh\u00f5es; 28.518 pessoas em Palmeira dos \u00cdndios, girando mais de 124 milh\u00f5es; e 25.834 pessoas em Uni\u00e3o dos Palmares, movimentando pouco mais de R$ 122 milh\u00f5es. Somando os demais munic\u00edpios alagoanos, foram 717.401 benefici\u00e1rios e 3,14 bilh\u00f5es. No total, a renda emergencial injetou mais de R$ 5,4 bilh\u00f5es em todo Estado, alcan\u00e7ando mais de 1,23 milh\u00f5es de pessoas.<\/p>\n\n\n\n<table class=\"wp-block-table\"><tbody><tr><td>Aux\u00edlio Emergencial em Alagoas \u2013 2020<\/td><\/tr><tr><td>&nbsp;<\/td><td>Quantidade de benefici\u00e1rios<\/td><td>Total Disponibilizado<\/td><\/tr><tr><td><strong>Macei\u00f3<\/strong><\/td><td><strong>338.035<\/strong><\/td><td><strong>&nbsp;R$&nbsp;&nbsp;&nbsp; 1.515.459.067,00<\/strong><\/td><\/tr><tr><td>Arapiraca<\/td><td>88.887<\/td><td>&nbsp;R$&nbsp;&nbsp;&nbsp;&nbsp;&nbsp;&nbsp;&nbsp; 395.154.958,00<\/td><\/tr><tr><td>Rio Largo<\/td><td>34.514<\/td><td>&nbsp;R$&nbsp;&nbsp;&nbsp;&nbsp;&nbsp;&nbsp;&nbsp; 163.010.920,00<\/td><\/tr><tr><td>Uni\u00e3o dos Palmares<\/td><td>25.834<\/td><td>&nbsp;R$&nbsp;&nbsp;&nbsp;&nbsp;&nbsp;&nbsp;&nbsp; 122.489.555,00<\/td><\/tr><tr><td>Palmeira dos \u00cdndios<\/td><td>28.518<\/td><td>&nbsp;R$&nbsp;&nbsp;&nbsp;&nbsp;&nbsp;&nbsp;&nbsp; 124.477.653,00<\/td><\/tr><tr><td>Demais Munic\u00edpios<\/td><td>717.401<\/td><td>&nbsp;R$&nbsp;&nbsp;&nbsp; 3.146.130.645,00<\/td><\/tr><tr><td><strong>Total<\/strong><\/td><td><strong>1.233.179,00<\/strong><\/td><td><strong>&nbsp;R$&nbsp;&nbsp;&nbsp; 5.466.722.798,00<\/strong><\/td><\/tr><\/tbody><\/table>\n\n\n\n<p>Fonte: Portal da Transpar\u00eancia do Governo Federal.<\/p>\n\n\n\n<p><strong>Contexto<\/strong><\/p>\n\n\n\n<p>O Aux\u00edlio Emergencial \u00e9 um benef\u00edcio Federal criado pela Lei 13.982\/2020, o qual prev\u00ea a transfer\u00eancia de renda em cotas mensais destinadas a trabalhadores informais, desempregados, benefici\u00e1rios do Bolsa Fam\u00edlia e microempreendedores individuais (MEI). Inicialmente, o valor estabelecido foi de R$ 600, pago entre os meses de abril e agosto de 2020, depois o benef\u00edcio foi estendido at\u00e9 dezembro com parcelas reduzidas, no valor de R$ 300.<\/p>\n\n\n\n<p>Durante o per\u00edodo de vig\u00eancia, o benef\u00edcio injetou mais de R$ 322 bilh\u00f5es, contemplando mais de 68 milh\u00f5es de brasileiros. \u201cSem d\u00favida, o Aux\u00edlio Emergencial foi um importante mecanismo de manuten\u00e7\u00e3o e alavancagem da atividade econ\u00f4mica durante a primeira onda da pandemia de Covid-19, potencializando o consumo e, consequentemente, mitigando os preju\u00edzos em termos tanto sociais como econ\u00f4micos\u201d, avalia Victor.<\/p>\n\n\n\n<p>Segundo a pesquisa realizada pela Confedera\u00e7\u00e3o Nacional do Com\u00e9rcio de Bens, Servi\u00e7os e Turismo (CNC), em abril de 2021, 35,4% dos recursos disponibilizados pelo aux\u00edlio chegaram ao com\u00e9rcio varejista, analisando em termos absolutos, a cada R$ 1 bilh\u00e3o oriundos do Aux\u00edlio Emergencial, R$ 354 milh\u00f5es foram utilizados para adquirir bens de consumos. O outro montante foi destinado para o pagamento de servi\u00e7os, pagamento de d\u00edvidas ou ainda poupado, como forma de precau\u00e7\u00e3o durante esse per\u00edodo adverso.<\/p>\n\n\n\n<p>Assessoria<\/p>\n","protected":false},"excerpt":{"rendered":"<p>A primeira parcela do Aux\u00edlio Emergencial 2021 aos benefici\u00e1rios nascidos em fevereiro e que n\u00e3o fazem parte<\/p>\n","protected":false},"author":1,"featured_media":3363,"comment_status":"open","ping_status":"open","sticky":false,"template":"","format":"standard","meta":{"footnotes":""},"categories":[60],"tags":[],"class_list":["post-14545","post","type-post","status-publish","format-standard","has-post-thumbnail","hentry","category-capa"],"_links":{"self":[{"href":"https:\/\/4cantosalagoas.com.br\/portal\/wp-json\/wp\/v2\/posts\/14545","targetHints":{"allow":["GET"]}}],"collection":[{"href":"https:\/\/4cantosalagoas.com.br\/portal\/wp-json\/wp\/v2\/posts"}],"about":[{"href":"https:\/\/4cantosalagoas.com.br\/portal\/wp-json\/wp\/v2\/types\/post"}],"author":[{"embeddable":true,"href":"https:\/\/4cantosalagoas.com.br\/portal\/wp-json\/wp\/v2\/users\/1"}],"replies":[{"embeddable":true,"href":"https:\/\/4cantosalagoas.com.br\/portal\/wp-json\/wp\/v2\/comments?post=14545"}],"version-history":[{"count":1,"href":"https:\/\/4cantosalagoas.com.br\/portal\/wp-json\/wp\/v2\/posts\/14545\/revisions"}],"predecessor-version":[{"id":14546,"href":"https:\/\/4cantosalagoas.com.br\/portal\/wp-json\/wp\/v2\/posts\/14545\/revisions\/14546"}],"wp:featuredmedia":[{"embeddable":true,"href":"https:\/\/4cantosalagoas.com.br\/portal\/wp-json\/wp\/v2\/media\/3363"}],"wp:attachment":[{"href":"https:\/\/4cantosalagoas.com.br\/portal\/wp-json\/wp\/v2\/media?parent=14545"}],"wp:term":[{"taxonomy":"category","embeddable":true,"href":"https:\/\/4cantosalagoas.com.br\/portal\/wp-json\/wp\/v2\/categories?post=14545"},{"taxonomy":"post_tag","embeddable":true,"href":"https:\/\/4cantosalagoas.com.br\/portal\/wp-json\/wp\/v2\/tags?post=14545"}],"curies":[{"name":"wp","href":"https:\/\/api.w.org\/{rel}","templated":true}]}}