{"id":14538,"date":"2021-04-09T11:15:04","date_gmt":"2021-04-09T14:15:04","guid":{"rendered":"http:\/\/4cantosalagoas.com.br\/portal\/?p=14538"},"modified":"2021-04-09T11:15:08","modified_gmt":"2021-04-09T14:15:08","slug":"novo-projeto-tjal-e-prefeitura-discutem-revitalizacao-da-praca-deodoro","status":"publish","type":"post","link":"https:\/\/4cantosalagoas.com.br\/portal\/novo-projeto-tjal-e-prefeitura-discutem-revitalizacao-da-praca-deodoro\/","title":{"rendered":"Novo projeto: TJAL e Prefeitura discutem revitaliza\u00e7\u00e3o da Pra\u00e7a Deodoro"},"content":{"rendered":"\n<figure class=\"wp-block-image\"><img fetchpriority=\"high\" decoding=\"async\" width=\"1280\" height=\"853\" src=\"https:\/\/i2.wp.com\/4cantosalagoas.com.br\/portal\/wp-content\/uploads\/2021\/04\/fcf191b6384c99c84ff389958e6fda6b.jpeg?fit=1024%2C682\" alt=\"\" class=\"wp-image-14539\" srcset=\"https:\/\/4cantosalagoas.com.br\/portal\/wp-content\/uploads\/2021\/04\/fcf191b6384c99c84ff389958e6fda6b.jpeg 1280w, https:\/\/4cantosalagoas.com.br\/portal\/wp-content\/uploads\/2021\/04\/fcf191b6384c99c84ff389958e6fda6b-300x200.jpeg 300w, https:\/\/4cantosalagoas.com.br\/portal\/wp-content\/uploads\/2021\/04\/fcf191b6384c99c84ff389958e6fda6b-768x512.jpeg 768w, https:\/\/4cantosalagoas.com.br\/portal\/wp-content\/uploads\/2021\/04\/fcf191b6384c99c84ff389958e6fda6b-1024x682.jpeg 1024w\" sizes=\"(max-width: 1280px) 100vw, 1280px\" \/><figcaption> <br>Projeto planeja transformar o espa\u00e7o em um grande parque, unindo as Pra\u00e7as Deodoro e Independ\u00eancia. Foto: Caio Loureiro <\/figcaption><\/figure>\n\n\n\n<p>O projeto prev\u00ea ainda a constru\u00e7\u00e3o de um estacionamento subterr\u00e2neo. &#8220;Isso vai dar mais seguran\u00e7a e tranquilidade para as pessoas virem \u00e0 pra\u00e7a&#8221;, explicou.<\/p>\n\n\n\n<p>Para o desembargador Tutm\u00e9s Airan, que tamb\u00e9m participou da reuni\u00e3o, o projeto \u00e9 vision\u00e1rio. &#8220;Vai servir de catalisador para grandes transforma\u00e7\u00f5es arquitet\u00f4nicas e sociais que possam vir a acontecer no Centro de Macei\u00f3. A inten\u00e7\u00e3o \u00e9 que Tribunal, Prefeitura e iniciativa privada possam dar essa contribui\u00e7\u00e3o \u00e0 cidade&#8221;.<\/p>\n\n\n\n<p>Tamb\u00e9m acompanharam a discuss\u00e3o a presidente da Diretoria de Teatros do Estado (Diteal), Sheila Maluf, a diretora do Centro de Cultura e Mem\u00f3ria do Judici\u00e1rio, Irina Costa, al\u00e9m de magistrados e servidores do TJAL.<br><br><strong>Diego Silveira &#8211; Dicom TJAL<\/strong><\/p>\n","protected":false},"excerpt":{"rendered":"<p>O projeto prev\u00ea ainda a constru\u00e7\u00e3o de um estacionamento subterr\u00e2neo. &#8220;Isso vai dar mais seguran\u00e7a e tranquilidade<\/p>\n","protected":false},"author":1,"featured_media":14539,"comment_status":"open","ping_status":"open","sticky":false,"template":"","format":"standard","meta":{"footnotes":""},"categories":[60],"tags":[],"class_list":["post-14538","post","type-post","status-publish","format-standard","has-post-thumbnail","hentry","category-capa"],"_links":{"self":[{"href":"https:\/\/4cantosalagoas.com.br\/portal\/wp-json\/wp\/v2\/posts\/14538","targetHints":{"allow":["GET"]}}],"collection":[{"href":"https:\/\/4cantosalagoas.com.br\/portal\/wp-json\/wp\/v2\/posts"}],"about":[{"href":"https:\/\/4cantosalagoas.com.br\/portal\/wp-json\/wp\/v2\/types\/post"}],"author":[{"embeddable":true,"href":"https:\/\/4cantosalagoas.com.br\/portal\/wp-json\/wp\/v2\/users\/1"}],"replies":[{"embeddable":true,"href":"https:\/\/4cantosalagoas.com.br\/portal\/wp-json\/wp\/v2\/comments?post=14538"}],"version-history":[{"count":1,"href":"https:\/\/4cantosalagoas.com.br\/portal\/wp-json\/wp\/v2\/posts\/14538\/revisions"}],"predecessor-version":[{"id":14540,"href":"https:\/\/4cantosalagoas.com.br\/portal\/wp-json\/wp\/v2\/posts\/14538\/revisions\/14540"}],"wp:featuredmedia":[{"embeddable":true,"href":"https:\/\/4cantosalagoas.com.br\/portal\/wp-json\/wp\/v2\/media\/14539"}],"wp:attachment":[{"href":"https:\/\/4cantosalagoas.com.br\/portal\/wp-json\/wp\/v2\/media?parent=14538"}],"wp:term":[{"taxonomy":"category","embeddable":true,"href":"https:\/\/4cantosalagoas.com.br\/portal\/wp-json\/wp\/v2\/categories?post=14538"},{"taxonomy":"post_tag","embeddable":true,"href":"https:\/\/4cantosalagoas.com.br\/portal\/wp-json\/wp\/v2\/tags?post=14538"}],"curies":[{"name":"wp","href":"https:\/\/api.w.org\/{rel}","templated":true}]}}