{"id":14535,"date":"2021-04-09T10:52:05","date_gmt":"2021-04-09T13:52:05","guid":{"rendered":"http:\/\/4cantosalagoas.com.br\/portal\/?p=14535"},"modified":"2021-04-09T10:52:09","modified_gmt":"2021-04-09T13:52:09","slug":"prefeito-jhc-acaba-com-indicacao-politica-nos-postos-de-saude-de-maceio","status":"publish","type":"post","link":"https:\/\/4cantosalagoas.com.br\/portal\/prefeito-jhc-acaba-com-indicacao-politica-nos-postos-de-saude-de-maceio\/","title":{"rendered":"Prefeito JHC acaba com indica\u00e7\u00e3o pol\u00edtica nos postos de sa\u00fade de Macei\u00f3"},"content":{"rendered":"\n<figure class=\"wp-block-image\"><img fetchpriority=\"high\" decoding=\"async\" width=\"1280\" height=\"852\" src=\"https:\/\/i1.wp.com\/4cantosalagoas.com.br\/portal\/wp-content\/uploads\/2021\/04\/WhatsApp-Image-2021-04-08-at-19.10.10-1.jpeg?fit=1024%2C682\" alt=\"\" class=\"wp-image-14536\" srcset=\"https:\/\/4cantosalagoas.com.br\/portal\/wp-content\/uploads\/2021\/04\/WhatsApp-Image-2021-04-08-at-19.10.10-1.jpeg 1280w, https:\/\/4cantosalagoas.com.br\/portal\/wp-content\/uploads\/2021\/04\/WhatsApp-Image-2021-04-08-at-19.10.10-1-300x200.jpeg 300w, https:\/\/4cantosalagoas.com.br\/portal\/wp-content\/uploads\/2021\/04\/WhatsApp-Image-2021-04-08-at-19.10.10-1-768x511.jpeg 768w, https:\/\/4cantosalagoas.com.br\/portal\/wp-content\/uploads\/2021\/04\/WhatsApp-Image-2021-04-08-at-19.10.10-1-1024x682.jpeg 1024w\" sizes=\"(max-width: 1280px) 100vw, 1280px\" \/><figcaption> <br>Foto: Edvan Ferreira <\/figcaption><\/figure>\n\n\n\n<p>O prefeito JHC empossou, nesta quinta-feira (8), durante solenidade virtual, por conta da pandemia do Covid-19, os novos diretores dos postos de sa\u00fade de Macei\u00f3. Como assegurou durante a campanha eleitoral, o crit\u00e9rio para a escolha \u00e9 t\u00e9cnico, baseado na capacidade e compet\u00eancia profissional de cada um, e n\u00e3o mais pol\u00edtico como ocorria em gest\u00f5es passadas. \u00c9, na pr\u00e1tica, a despolitiza\u00e7\u00e3o dos postos.<\/p>\n\n\n\n<p>Os diretores nomeados s\u00e3o servidores efetivos e passam a trabalhar na gest\u00e3o dos postos com a miss\u00e3o de assegurar um atendimento eficiente e eficaz para a popula\u00e7\u00e3o que recorre aos servi\u00e7os das unidades.<\/p>\n\n\n\n<p>\u201cNos \u00faltimos anos, o \u00fanico crit\u00e9rio usado para nomear os chefes dos postos de sa\u00fade era unicamente pol\u00edtico. O resultado era uma sa\u00fade abandonada. Rompemos com essa tradi\u00e7\u00e3o nefasta\u201d, afirmou JHC.<\/p>\n\n\n\n<p>Ao dar posse aos novos diretores, o prefeito afirmou que o momento \u00e9 de virada de p\u00e1gina. \u201cNo momento que a gente decide despolitizar a Sa\u00fade, mudar a Sa\u00fade, fazer um trabalho diferente, n\u00e3o pode repetir as coisas do passado\u201d, destacou.<\/p>\n\n\n\n<p>JHC lembrou ainda que a Sa\u00fade \u00e9 um dos maiores desafios da cidade. \u201c[Este momento] \u00c9 muito mais do que uma posse. \u00c9 um s\u00edmbolo da valoriza\u00e7\u00e3o do nosso servidor p\u00fablico\u201d, pontuou.<\/p>\n\n\n\n<figure class=\"wp-block-image\"><img decoding=\"async\" src=\"http:\/\/www.maceio.al.gov.br\/wp-content\/uploads\/2021\/04\/jpeg\/2021\/04\/WhatsApp-Image-2021-04-08-at-19.10.09-1-1024x682.jpeg\" alt=\"\" class=\"wp-image-401226\"\/><\/figure>\n\n\n\n<p>O secret\u00e1rio municipal de Sa\u00fade, Pedro Madeiro, falou sobre a import\u00e2ncia da a\u00e7\u00e3o. \u201cA valoriza\u00e7\u00e3o do servidor p\u00fablico \u00e9 uma de nossas prioridades, por isso, fizemos um trabalho apurado de recrutamento para escolher o grupo que estar\u00e1 \u00e0 frente de nossas unidades de sa\u00fade . Estamos muito felizes com resultado e acreditamos que, juntos, vamos construir uma nova hist\u00f3ria na sa\u00fade p\u00fablica de Macei\u00f3\u201d.<\/p>\n\n\n\n<p>Assessoria<\/p>\n\n\n\n<p><br><\/p>\n","protected":false},"excerpt":{"rendered":"<p>O prefeito JHC empossou, nesta quinta-feira (8), durante solenidade virtual, por conta da pandemia do Covid-19, os<\/p>\n","protected":false},"author":1,"featured_media":14536,"comment_status":"open","ping_status":"open","sticky":false,"template":"","format":"standard","meta":{"footnotes":""},"categories":[5],"tags":[],"class_list":["post-14535","post","type-post","status-publish","format-standard","has-post-thumbnail","hentry","category-maceio"],"_links":{"self":[{"href":"https:\/\/4cantosalagoas.com.br\/portal\/wp-json\/wp\/v2\/posts\/14535","targetHints":{"allow":["GET"]}}],"collection":[{"href":"https:\/\/4cantosalagoas.com.br\/portal\/wp-json\/wp\/v2\/posts"}],"about":[{"href":"https:\/\/4cantosalagoas.com.br\/portal\/wp-json\/wp\/v2\/types\/post"}],"author":[{"embeddable":true,"href":"https:\/\/4cantosalagoas.com.br\/portal\/wp-json\/wp\/v2\/users\/1"}],"replies":[{"embeddable":true,"href":"https:\/\/4cantosalagoas.com.br\/portal\/wp-json\/wp\/v2\/comments?post=14535"}],"version-history":[{"count":1,"href":"https:\/\/4cantosalagoas.com.br\/portal\/wp-json\/wp\/v2\/posts\/14535\/revisions"}],"predecessor-version":[{"id":14537,"href":"https:\/\/4cantosalagoas.com.br\/portal\/wp-json\/wp\/v2\/posts\/14535\/revisions\/14537"}],"wp:featuredmedia":[{"embeddable":true,"href":"https:\/\/4cantosalagoas.com.br\/portal\/wp-json\/wp\/v2\/media\/14536"}],"wp:attachment":[{"href":"https:\/\/4cantosalagoas.com.br\/portal\/wp-json\/wp\/v2\/media?parent=14535"}],"wp:term":[{"taxonomy":"category","embeddable":true,"href":"https:\/\/4cantosalagoas.com.br\/portal\/wp-json\/wp\/v2\/categories?post=14535"},{"taxonomy":"post_tag","embeddable":true,"href":"https:\/\/4cantosalagoas.com.br\/portal\/wp-json\/wp\/v2\/tags?post=14535"}],"curies":[{"name":"wp","href":"https:\/\/api.w.org\/{rel}","templated":true}]}}