{"id":14484,"date":"2021-04-05T07:09:05","date_gmt":"2021-04-05T10:09:05","guid":{"rendered":"http:\/\/4cantosalagoas.com.br\/portal\/?p=14484"},"modified":"2021-04-05T07:09:10","modified_gmt":"2021-04-05T10:09:10","slug":"governo-inicia-imunizacao-de-profissionais-da-seguranca-publica-a-partir-de-segunda-5","status":"publish","type":"post","link":"https:\/\/4cantosalagoas.com.br\/portal\/governo-inicia-imunizacao-de-profissionais-da-seguranca-publica-a-partir-de-segunda-5\/","title":{"rendered":"Governo inicia imuniza\u00e7\u00e3o de profissionais da Seguran\u00e7a P\u00fablica a partir de segunda (5)"},"content":{"rendered":"\n<figure class=\"wp-block-image\"><img fetchpriority=\"high\" decoding=\"async\" width=\"750\" height=\"500\" src=\"http:\/\/4cantosalagoas.com.br\/portal\/wp-content\/uploads\/2021\/03\/opera\u00e7\u00e3o_intetgrada_no_litoral_norte_3.thumbnail.jpeg\" alt=\"\" class=\"wp-image-14222\" srcset=\"https:\/\/4cantosalagoas.com.br\/portal\/wp-content\/uploads\/2021\/03\/opera\u00e7\u00e3o_intetgrada_no_litoral_norte_3.thumbnail.jpeg 750w, https:\/\/4cantosalagoas.com.br\/portal\/wp-content\/uploads\/2021\/03\/opera\u00e7\u00e3o_intetgrada_no_litoral_norte_3.thumbnail-300x200.jpeg 300w\" sizes=\"(max-width: 750px) 100vw, 750px\" \/><figcaption>Foto: Arquivo ASCOM-PC <\/figcaption><\/figure>\n\n\n\n<p>\n\n&nbsp;governador Renan Filho, o secret\u00e1rio de Estado da Sa\u00fade, Alexandre Ayres, e o secret\u00e1rio de Estado da Seguran\u00e7a P\u00fablica, Alfredo Gaspar de Mendon\u00e7a, autorizam, na pr\u00f3xima segunda-feira (5), \u00e0s 14 horas, o in\u00edcio da vacina\u00e7\u00e3o para os profissionais das For\u00e7as de Seguran\u00e7a P\u00fablica.<br>O ato simb\u00f3lico acontecer\u00e1 no Pal\u00e1cio Rep\u00fablica dos Palmares e contar\u00e1 com a imuniza\u00e7\u00e3o de um integrante da Pol\u00edcia Militar de Alagoas (PM\/AL), um do Corpo de Bombeiros Militar (CBM), um agente da Pol\u00edcia Civil de Alagoas (PC\/AL), um da Pol\u00edcia Federal (PF), um da Pol\u00edcia Penal, um da Per\u00edcia Oficial e um da Pol\u00edcia Rodovi\u00e1ria Federal (PRF).<br>Na noite da \u00faltima quinta-feira (1\u00b0), o governador Renan Filho anunciou, em suas redes sociais, que Alagoas dar\u00e1 in\u00edcio \u00e0 vacina\u00e7\u00e3o dos profissionais que atuam na Seguran\u00e7a P\u00fablica com idade a partir de 45 anos. Com a imuniza\u00e7\u00e3o deste grupo priorit\u00e1rio, Alagoas amplia a vacina\u00e7\u00e3o em parceria com os munic\u00edpios.<br>At\u00e9 a \u00faltima semana, idosos e profissionais de sa\u00fade estavam recebendo as doses das vacinas CoronaVac e AstraZeneca, que s\u00e3o enviadas, semanalmente, pelo Minist\u00e9rio da Sa\u00fade (MS).<br>\u201cO governador Renan Filho informou que mais um grupo priorit\u00e1rio passar\u00e1 a ser imunizado em Alagoas. Desta forma, a vacina\u00e7\u00e3o ser\u00e1 ampliada. Al\u00e9m dos idosos e profissionais de sa\u00fade, os profissionais das for\u00e7as de seguran\u00e7a p\u00fablica ser\u00e3o inclu\u00eddos nas prioridades. Estamos atuando fortemente para imunizar a popula\u00e7\u00e3o, pois somente com a vacina podemos distensionar a nossa rede hospitalar e proteger os alagoanos\u201d, destaca o secret\u00e1rio.(Ascom Sesau)\n\n<\/p>\n","protected":false},"excerpt":{"rendered":"<p>&nbsp;governador Renan Filho, o secret\u00e1rio de Estado da Sa\u00fade, Alexandre Ayres, e o secret\u00e1rio de Estado da<\/p>\n","protected":false},"author":1,"featured_media":14292,"comment_status":"open","ping_status":"open","sticky":false,"template":"","format":"standard","meta":{"footnotes":""},"categories":[60],"tags":[],"class_list":["post-14484","post","type-post","status-publish","format-standard","has-post-thumbnail","hentry","category-capa"],"_links":{"self":[{"href":"https:\/\/4cantosalagoas.com.br\/portal\/wp-json\/wp\/v2\/posts\/14484","targetHints":{"allow":["GET"]}}],"collection":[{"href":"https:\/\/4cantosalagoas.com.br\/portal\/wp-json\/wp\/v2\/posts"}],"about":[{"href":"https:\/\/4cantosalagoas.com.br\/portal\/wp-json\/wp\/v2\/types\/post"}],"author":[{"embeddable":true,"href":"https:\/\/4cantosalagoas.com.br\/portal\/wp-json\/wp\/v2\/users\/1"}],"replies":[{"embeddable":true,"href":"https:\/\/4cantosalagoas.com.br\/portal\/wp-json\/wp\/v2\/comments?post=14484"}],"version-history":[{"count":1,"href":"https:\/\/4cantosalagoas.com.br\/portal\/wp-json\/wp\/v2\/posts\/14484\/revisions"}],"predecessor-version":[{"id":14485,"href":"https:\/\/4cantosalagoas.com.br\/portal\/wp-json\/wp\/v2\/posts\/14484\/revisions\/14485"}],"wp:featuredmedia":[{"embeddable":true,"href":"https:\/\/4cantosalagoas.com.br\/portal\/wp-json\/wp\/v2\/media\/14292"}],"wp:attachment":[{"href":"https:\/\/4cantosalagoas.com.br\/portal\/wp-json\/wp\/v2\/media?parent=14484"}],"wp:term":[{"taxonomy":"category","embeddable":true,"href":"https:\/\/4cantosalagoas.com.br\/portal\/wp-json\/wp\/v2\/categories?post=14484"},{"taxonomy":"post_tag","embeddable":true,"href":"https:\/\/4cantosalagoas.com.br\/portal\/wp-json\/wp\/v2\/tags?post=14484"}],"curies":[{"name":"wp","href":"https:\/\/api.w.org\/{rel}","templated":true}]}}