{"id":14453,"date":"2021-03-31T18:15:05","date_gmt":"2021-03-31T21:15:05","guid":{"rendered":"http:\/\/4cantosalagoas.com.br\/portal\/?p=14453"},"modified":"2021-03-31T18:15:10","modified_gmt":"2021-03-31T21:15:10","slug":"confira-o-funcionamento-de-mercados-e-feiras-neste-feriadao","status":"publish","type":"post","link":"https:\/\/4cantosalagoas.com.br\/portal\/confira-o-funcionamento-de-mercados-e-feiras-neste-feriadao\/","title":{"rendered":"Confira o funcionamento de mercados e feiras neste feriad\u00e3o"},"content":{"rendered":"\n<figure class=\"wp-block-image\"><img fetchpriority=\"high\" decoding=\"async\" width=\"1024\" height=\"683\" src=\"http:\/\/4cantosalagoas.com.br\/portal\/wp-content\/uploads\/2019\/04\/06MercadodoArtesanato-1024x683-1024x683.jpg\" alt=\"\" class=\"wp-image-7286\" srcset=\"https:\/\/4cantosalagoas.com.br\/portal\/wp-content\/uploads\/2019\/04\/06MercadodoArtesanato-1024x683.jpg 1024w, https:\/\/4cantosalagoas.com.br\/portal\/wp-content\/uploads\/2019\/04\/06MercadodoArtesanato-1024x683-300x200.jpg 300w, https:\/\/4cantosalagoas.com.br\/portal\/wp-content\/uploads\/2019\/04\/06MercadodoArtesanato-1024x683-768x512.jpg 768w\" sizes=\"(max-width: 1024px) 100vw, 1024px\" \/><figcaption>Mercado do Artesanato, funciona em hor\u00e1rio especial neste feriado (Ascom\/Semtabes)<\/figcaption><\/figure>\n\n\n\n<p>O funcionamento dos mercados p\u00fablicos, feiras livres, Shopping Popular e Restaurante Popular da capital ter\u00e1 hor\u00e1rio diferenciado neste feriad\u00e3o de P\u00e1scoa. As medidas de restri\u00e7\u00e3o, impostas pelo decreto governamental de enfrentamento \u00e0 pandemia, influenciaram na defini\u00e7\u00e3o do que abre e fecha no per\u00edodo.<\/p>\n\n\n\n<p>Sob responsabilidade da Secretaria Municipal de Trabalho, Abastecimento e Economia Solid\u00e1ria (Semtabes), o mercado da Produ\u00e7\u00e3o e do Tabuleiro do Martins v\u00e3o abrir, na Quinta-Feira Santa e na Sexta-Feira da Paix\u00e3o, das 4h da manh\u00e3 \u00e0s 16h. No s\u00e1bado e no domingo, o hor\u00e1rio \u00e9 normal (das 5h \u00e0s 14h).<\/p>\n\n\n\n<p>Os outros mercados p\u00fablicos da capital funcionam no hor\u00e1rio convencional em todos os dias da Semana Santa, abrindo \u00e0s 5h da manh\u00e3 e fechando \u00e0s 14h.<\/p>\n\n\n\n<p>O Shopping Popular, no centro de Macei\u00f3, s\u00f3 abre nesta quinta-feira, das 9h \u00e0s 17h, seguindo as regras de funcionamento das lojas do com\u00e9rcio central, previstas na Fase Vermelha do protocolo de Distanciamento Social Controlado. De sexta-feira santa at\u00e9 a segunda-feira da semana que vem, o espa\u00e7o permanecer\u00e1 fechado.<\/p>\n\n\n\n<p>J\u00e1 o expediente no Restaurante Popular ser\u00e1 de 10h30 \u00e0s 13h30, nesta Quinta-Feira Santa. Na Sexta-Feira da Paix\u00e3o, a unidade fechar\u00e1 as portas, reabrindo somente na pr\u00f3xima segunda-feira. Vale destacar que o Restaurante Popular de Macei\u00f3 est\u00e1 funcionando, enquanto durar a Fase Vermelha, no sistema \u2018Pague e Leve\u2019. A refei\u00e7\u00e3o custa R$ 3.<\/p>\n\n\n\n<p>Thiago Gomes \/ Secom Macei\u00f3<\/p>\n","protected":false},"excerpt":{"rendered":"<p>O funcionamento dos mercados p\u00fablicos, feiras livres, Shopping Popular e Restaurante Popular da capital ter\u00e1 hor\u00e1rio diferenciado<\/p>\n","protected":false},"author":1,"featured_media":7286,"comment_status":"open","ping_status":"open","sticky":false,"template":"","format":"standard","meta":{"footnotes":""},"categories":[60],"tags":[],"class_list":["post-14453","post","type-post","status-publish","format-standard","has-post-thumbnail","hentry","category-capa"],"_links":{"self":[{"href":"https:\/\/4cantosalagoas.com.br\/portal\/wp-json\/wp\/v2\/posts\/14453","targetHints":{"allow":["GET"]}}],"collection":[{"href":"https:\/\/4cantosalagoas.com.br\/portal\/wp-json\/wp\/v2\/posts"}],"about":[{"href":"https:\/\/4cantosalagoas.com.br\/portal\/wp-json\/wp\/v2\/types\/post"}],"author":[{"embeddable":true,"href":"https:\/\/4cantosalagoas.com.br\/portal\/wp-json\/wp\/v2\/users\/1"}],"replies":[{"embeddable":true,"href":"https:\/\/4cantosalagoas.com.br\/portal\/wp-json\/wp\/v2\/comments?post=14453"}],"version-history":[{"count":1,"href":"https:\/\/4cantosalagoas.com.br\/portal\/wp-json\/wp\/v2\/posts\/14453\/revisions"}],"predecessor-version":[{"id":14454,"href":"https:\/\/4cantosalagoas.com.br\/portal\/wp-json\/wp\/v2\/posts\/14453\/revisions\/14454"}],"wp:featuredmedia":[{"embeddable":true,"href":"https:\/\/4cantosalagoas.com.br\/portal\/wp-json\/wp\/v2\/media\/7286"}],"wp:attachment":[{"href":"https:\/\/4cantosalagoas.com.br\/portal\/wp-json\/wp\/v2\/media?parent=14453"}],"wp:term":[{"taxonomy":"category","embeddable":true,"href":"https:\/\/4cantosalagoas.com.br\/portal\/wp-json\/wp\/v2\/categories?post=14453"},{"taxonomy":"post_tag","embeddable":true,"href":"https:\/\/4cantosalagoas.com.br\/portal\/wp-json\/wp\/v2\/tags?post=14453"}],"curies":[{"name":"wp","href":"https:\/\/api.w.org\/{rel}","templated":true}]}}