{"id":14433,"date":"2021-03-30T12:06:30","date_gmt":"2021-03-30T15:06:30","guid":{"rendered":"http:\/\/4cantosalagoas.com.br\/portal\/?p=14433"},"modified":"2021-03-30T12:07:24","modified_gmt":"2021-03-30T15:07:24","slug":"__trashed-3","status":"publish","type":"post","link":"https:\/\/4cantosalagoas.com.br\/portal\/__trashed-3\/","title":{"rendered":"Semed avan\u00e7a com implanta\u00e7\u00e3o de programa na TV Ufal para tele-aulas"},"content":{"rendered":"\n<figure class=\"wp-block-image\"><img fetchpriority=\"high\" decoding=\"async\" width=\"259\" height=\"194\" src=\"http:\/\/4cantosalagoas.com.br\/portal\/wp-content\/uploads\/2021\/03\/ufal.jpeg\" alt=\"\" class=\"wp-image-14434\"\/><figcaption>Reprodu\u00e7\u00e3o<\/figcaption><\/figure>\n\n\n\n<p>A Prefeitura de Macei\u00f3 est\u00e1 sempre pensando em formas de melhorar e ampliar o acesso ao ensino da rede municipal. Neste per\u00edodo de pandemia e aulas n\u00e3o presenciais, a Secretaria Municipal de Educa\u00e7\u00e3o de Macei\u00f3 (Semed) est\u00e1 avan\u00e7ando na implanta\u00e7\u00e3o das aulas via televis\u00e3o. A ideia \u00e9 utilizar a TV Ufal como ve\u00edculo oficial das atividades pedag\u00f3gicas. Para discutir sobre o projeto, uma reuni\u00e3o foi realizada de forma virtual na manh\u00e3 desta ter\u00e7a-feira (30).<\/p>\n\n\n\n<p>No encontro, estiveram presentes o secret\u00e1rio da pasta, Elder Maia; o pr\u00f3-reitor de extens\u00e3o da Universidade Federal de Alagoas (Ufal), Cleyton Santos; e o presidente da Funda\u00e7\u00e3o Universit\u00e1ria de Desenvolvimento de Extens\u00e3o a Pesquisa (Fundepes), Ricardo Wanderley.<\/p>\n\n\n\n<p>O projeto visa compreender as aulas da educa\u00e7\u00e3o infantil, fundamental e do ensino de jovens, adultos e idosos. Ser\u00e3o conte\u00fados gravados pelos professores pela plataforma do canal aberto da Ufal, que pode ser assistido por qualquer televisor pelo canal 8.<\/p>\n\n\n\n<p>De acordo com Elder Maia, Secret\u00e1rio de Educa\u00e7\u00e3o de Macei\u00f3, esse \u00e9 mais um projeto para integrar a comunidade escolar. \u201cN\u00f3s enxergamos que as tele-aulas podem proporcionar mais qualidade de ensino. O projeto est\u00e1 tomando forma e queremos integrar professores, coordenadores e toda a comunidade escolar para que o conte\u00fado pedag\u00f3gico seja disseminado. E a televis\u00e3o pode proporcionar isso para os alunos, aproximar os alunos do conte\u00fado dos professores\u201d, destacou Elder.<\/p>\n\n\n\n<p>Para o presidente da Fundepes, Ricardo Wanderley, o projeto tem um investimento considerado de custo baixo. \u201cComo o projeto visa utilizar a TV Ufal, n\u00f3s enxergamos como um ganho para a rede municipal, principalmente pela import\u00e2ncia de priorizar a divulga\u00e7\u00e3o do ensino para os alunos\u201d, destacou.<\/p>\n\n\n\n<p>As grava\u00e7\u00f5es ser\u00e3o iniciadas junto aos professores nos pr\u00f3ximos 40 dias. O come\u00e7o das tele-aulas est\u00e1 previsto para um prazo de 60 dias.<\/p>\n\n\n\n<p>Assessoria<\/p>\n","protected":false},"excerpt":{"rendered":"<p>A Prefeitura de Macei\u00f3 est\u00e1 sempre pensando em formas de melhorar e ampliar o acesso ao ensino<\/p>\n","protected":false},"author":1,"featured_media":14434,"comment_status":"open","ping_status":"open","sticky":false,"template":"","format":"standard","meta":{"footnotes":""},"categories":[5],"tags":[],"class_list":["post-14433","post","type-post","status-publish","format-standard","has-post-thumbnail","hentry","category-maceio"],"_links":{"self":[{"href":"https:\/\/4cantosalagoas.com.br\/portal\/wp-json\/wp\/v2\/posts\/14433","targetHints":{"allow":["GET"]}}],"collection":[{"href":"https:\/\/4cantosalagoas.com.br\/portal\/wp-json\/wp\/v2\/posts"}],"about":[{"href":"https:\/\/4cantosalagoas.com.br\/portal\/wp-json\/wp\/v2\/types\/post"}],"author":[{"embeddable":true,"href":"https:\/\/4cantosalagoas.com.br\/portal\/wp-json\/wp\/v2\/users\/1"}],"replies":[{"embeddable":true,"href":"https:\/\/4cantosalagoas.com.br\/portal\/wp-json\/wp\/v2\/comments?post=14433"}],"version-history":[{"count":2,"href":"https:\/\/4cantosalagoas.com.br\/portal\/wp-json\/wp\/v2\/posts\/14433\/revisions"}],"predecessor-version":[{"id":14436,"href":"https:\/\/4cantosalagoas.com.br\/portal\/wp-json\/wp\/v2\/posts\/14433\/revisions\/14436"}],"wp:featuredmedia":[{"embeddable":true,"href":"https:\/\/4cantosalagoas.com.br\/portal\/wp-json\/wp\/v2\/media\/14434"}],"wp:attachment":[{"href":"https:\/\/4cantosalagoas.com.br\/portal\/wp-json\/wp\/v2\/media?parent=14433"}],"wp:term":[{"taxonomy":"category","embeddable":true,"href":"https:\/\/4cantosalagoas.com.br\/portal\/wp-json\/wp\/v2\/categories?post=14433"},{"taxonomy":"post_tag","embeddable":true,"href":"https:\/\/4cantosalagoas.com.br\/portal\/wp-json\/wp\/v2\/tags?post=14433"}],"curies":[{"name":"wp","href":"https:\/\/api.w.org\/{rel}","templated":true}]}}