{"id":14430,"date":"2021-03-30T12:03:01","date_gmt":"2021-03-30T15:03:01","guid":{"rendered":"http:\/\/4cantosalagoas.com.br\/portal\/?p=14430"},"modified":"2021-03-30T12:03:06","modified_gmt":"2021-03-30T15:03:06","slug":"prefeitura-de-maceio-inicia-nesta-terca-operacao-pascoa-nos-mercados-publicos","status":"publish","type":"post","link":"https:\/\/4cantosalagoas.com.br\/portal\/prefeitura-de-maceio-inicia-nesta-terca-operacao-pascoa-nos-mercados-publicos\/","title":{"rendered":"Prefeitura de Macei\u00f3 inicia nesta ter\u00e7a Opera\u00e7\u00e3o P\u00e1scoa nos mercados p\u00fablicos"},"content":{"rendered":"\n<figure class=\"wp-block-image\"><img fetchpriority=\"high\" decoding=\"async\" width=\"1500\" height=\"1000\" src=\"https:\/\/i2.wp.com\/4cantosalagoas.com.br\/portal\/wp-content\/uploads\/2021\/03\/dist-mascara-mercado-rafa1.jpg?fit=1024%2C683\" alt=\"\" class=\"wp-image-14431\" srcset=\"https:\/\/4cantosalagoas.com.br\/portal\/wp-content\/uploads\/2021\/03\/dist-mascara-mercado-rafa1.jpg 1500w, https:\/\/4cantosalagoas.com.br\/portal\/wp-content\/uploads\/2021\/03\/dist-mascara-mercado-rafa1-300x200.jpg 300w, https:\/\/4cantosalagoas.com.br\/portal\/wp-content\/uploads\/2021\/03\/dist-mascara-mercado-rafa1-768x512.jpg 768w, https:\/\/4cantosalagoas.com.br\/portal\/wp-content\/uploads\/2021\/03\/dist-mascara-mercado-rafa1-1024x683.jpg 1024w\" sizes=\"(max-width: 1500px) 100vw, 1500px\" \/><figcaption> <br><em>Distribui\u00e7\u00e3o de m\u00e1scaras come\u00e7a hoje nos mercados p\u00fablicos \/ Foto: Rafa Chafer<\/em>\/Secom <\/figcaption><\/figure>\n\n\n\n<p>A Semana Santa promete um aumento consider\u00e1vel do movimento de clientes \u00e0 procura de pescado nos mercados p\u00fablicos e feiras de Macei\u00f3. Portanto, nesse per\u00edodo de pandemia, a Prefeitura quer redobrar a aten\u00e7\u00e3o \u00e0 seguran\u00e7a de comerciantes e clientes.<\/p>\n\n\n\n<p>Assim, come\u00e7a, nesta ter\u00e7a (30), a Opera\u00e7\u00e3o P\u00e1scoa, uma a\u00e7\u00e3o conjunta de Secretarias para distribui\u00e7\u00e3o de m\u00e1scaras e do selo \u201cPode comprar aqui\u201d, da Vigil\u00e2ncia Sanit\u00e1ria, que assegura que o permission\u00e1rio cumpre os protocolos de seguran\u00e7a sanit\u00e1ria.<\/p>\n\n\n\n<p>Participam o Gabinete de Gest\u00e3o Integrada para o Enfrentamento \u00e0 Covid-19, as Secretarias de Trabalho, Abastecimento e Economia Solid\u00e1ria (Semtabes), de Seguran\u00e7a Comunit\u00e1ria e Conv\u00edvio Social (Semscs), de Assist\u00eancia Social (Semas), de Turismo, Esporte e Lazer (Semtel), al\u00e9m da pr\u00f3pria Vigil\u00e2ncia Sanit\u00e1ria.<\/p>\n\n\n\n<p>A distribui\u00e7\u00e3o de cerca de 15 mil m\u00e1scaras come\u00e7a hoje e segue nos pr\u00f3ximos dias, pelos Mercados do Jacintinho, Benedito Bentes e Tabuleiro do Martins at\u00e9 chegar ao Mercado da Produ\u00e7\u00e3o, no bairro da Levada, que recebe um grande trabalho de conscientiza\u00e7\u00e3o na quinta e sexta-feira, dias 1 e 2.<\/p>\n\n\n\n<p>Em seguida, haver\u00e1 um refor\u00e7o na fiscaliza\u00e7\u00e3o do cumprimento das medidas de preven\u00e7\u00e3o \u00e0 Covid-19 pelos permission\u00e1rios para que sejam distribu\u00eddos os selos.<\/p>\n\n\n\n<p><strong>Hor\u00e1rio estendido<\/strong><\/p>\n\n\n\n<p>Na quinta e na sexta, o Mercado da Produ\u00e7\u00e3o abre \u00e0s 4h e fecha \u00e0s 16h, em hor\u00e1rio estendido para melhor atender aos consumidores e distribuir o movimento ao longo do dia, reduzindo as aglomera\u00e7\u00f5es.<\/p>\n\n\n\n<p>Haver\u00e1 medi\u00e7\u00e3o de temperatura, presen\u00e7a de carro de som refor\u00e7ando as medidas de seguran\u00e7a e a obrigatoriedade do uso de m\u00e1scara e de \u00e1lcool 70% para limpeza das m\u00e3os e das bancadas, al\u00e9m da fiscaliza\u00e7\u00e3o e orienta\u00e7\u00e3o dos permission\u00e1rios.<\/p>\n\n\n\n<p>\u201cA Prefeitura j\u00e1 realizou a limpeza e sanitiza\u00e7\u00e3o do Mercado, vai distribuir m\u00e1scaras, agora, o que esperamos \u00e9 que as pessoas usem esse equipamento de prote\u00e7\u00e3o e evitem aglomera\u00e7\u00f5es. N\u00e3o \u00e9 o momento de visar s\u00f3 lucro, \u00e9 momento de pensar em salvar vidas. Queremos o apoio de todos, clientes e permission\u00e1rios, nessa grande a\u00e7\u00e3o\u201d, refor\u00e7ou o coordenador do GGI Covid-19, Claydson Moura.<\/p>\n\n\n\n<p>Assessoria<\/p>\n","protected":false},"excerpt":{"rendered":"<p>A Semana Santa promete um aumento consider\u00e1vel do movimento de clientes \u00e0 procura de pescado nos mercados<\/p>\n","protected":false},"author":1,"featured_media":14431,"comment_status":"open","ping_status":"open","sticky":false,"template":"","format":"standard","meta":{"footnotes":""},"categories":[60],"tags":[],"class_list":["post-14430","post","type-post","status-publish","format-standard","has-post-thumbnail","hentry","category-capa"],"_links":{"self":[{"href":"https:\/\/4cantosalagoas.com.br\/portal\/wp-json\/wp\/v2\/posts\/14430","targetHints":{"allow":["GET"]}}],"collection":[{"href":"https:\/\/4cantosalagoas.com.br\/portal\/wp-json\/wp\/v2\/posts"}],"about":[{"href":"https:\/\/4cantosalagoas.com.br\/portal\/wp-json\/wp\/v2\/types\/post"}],"author":[{"embeddable":true,"href":"https:\/\/4cantosalagoas.com.br\/portal\/wp-json\/wp\/v2\/users\/1"}],"replies":[{"embeddable":true,"href":"https:\/\/4cantosalagoas.com.br\/portal\/wp-json\/wp\/v2\/comments?post=14430"}],"version-history":[{"count":1,"href":"https:\/\/4cantosalagoas.com.br\/portal\/wp-json\/wp\/v2\/posts\/14430\/revisions"}],"predecessor-version":[{"id":14432,"href":"https:\/\/4cantosalagoas.com.br\/portal\/wp-json\/wp\/v2\/posts\/14430\/revisions\/14432"}],"wp:featuredmedia":[{"embeddable":true,"href":"https:\/\/4cantosalagoas.com.br\/portal\/wp-json\/wp\/v2\/media\/14431"}],"wp:attachment":[{"href":"https:\/\/4cantosalagoas.com.br\/portal\/wp-json\/wp\/v2\/media?parent=14430"}],"wp:term":[{"taxonomy":"category","embeddable":true,"href":"https:\/\/4cantosalagoas.com.br\/portal\/wp-json\/wp\/v2\/categories?post=14430"},{"taxonomy":"post_tag","embeddable":true,"href":"https:\/\/4cantosalagoas.com.br\/portal\/wp-json\/wp\/v2\/tags?post=14430"}],"curies":[{"name":"wp","href":"https:\/\/api.w.org\/{rel}","templated":true}]}}