{"id":14386,"date":"2021-03-26T11:41:30","date_gmt":"2021-03-26T14:41:30","guid":{"rendered":"http:\/\/4cantosalagoas.com.br\/portal\/?p=14386"},"modified":"2021-03-26T11:41:34","modified_gmt":"2021-03-26T14:41:34","slug":"ultimo-final-de-semana-de-marco-deve-ser-marcado-por-tempo-instavel-em-alagoas","status":"publish","type":"post","link":"https:\/\/4cantosalagoas.com.br\/portal\/ultimo-final-de-semana-de-marco-deve-ser-marcado-por-tempo-instavel-em-alagoas\/","title":{"rendered":"\u00daltimo final de semana de mar\u00e7o deve ser marcado por tempo inst\u00e1vel em Alagoas"},"content":{"rendered":"\n<figure class=\"wp-block-image\"><img fetchpriority=\"high\" decoding=\"async\" width=\"1024\" height=\"612\" src=\"http:\/\/4cantosalagoas.com.br\/portal\/wp-content\/uploads\/2018\/05\/sol-1024x612.jpg\" alt=\"\" class=\"wp-image-2926\" srcset=\"https:\/\/4cantosalagoas.com.br\/portal\/wp-content\/uploads\/2018\/05\/sol-1024x612.jpg 1024w, https:\/\/4cantosalagoas.com.br\/portal\/wp-content\/uploads\/2018\/05\/sol-300x179.jpg 300w, https:\/\/4cantosalagoas.com.br\/portal\/wp-content\/uploads\/2018\/05\/sol-768x459.jpg 768w, https:\/\/4cantosalagoas.com.br\/portal\/wp-content\/uploads\/2018\/05\/sol-375x224.jpg 375w, https:\/\/4cantosalagoas.com.br\/portal\/wp-content\/uploads\/2018\/05\/sol-465x278.jpg 465w, https:\/\/4cantosalagoas.com.br\/portal\/wp-content\/uploads\/2018\/05\/sol-695x415.jpg 695w, https:\/\/4cantosalagoas.com.br\/portal\/wp-content\/uploads\/2018\/05\/sol.jpg 1467w\" sizes=\"(max-width: 1024px) 100vw, 1024px\" \/><figcaption>Foto\/Gl\u00e9cio Rodrigues<\/figcaption><\/figure>\n\n\n\n<p>Com o in\u00edcio do Outono na \u00faltima semana, a previs\u00e3o \u00e9 de que as chuvas comecem a surgir no Estado trazendo muita instabilidade na maior parte das regi\u00f5es. \u00c9 o que aponta o progn\u00f3stico emitido pela Sala de Alerta da Secretaria do Meio Ambiente e dos Recursos H\u00eddricos de Alagoas (Semarh\/AL) nesta sexta-feira (26).<\/p>\n\n\n\n<p>&nbsp;Ainda nesta sexta, varia\u00e7\u00e3o de nebulosidade pela manh\u00e3 e tempo inst\u00e1vel com possibilidade de chuva no decorrer da tarde e noite em Macei\u00f3, Litoral, Baixo S\u00e3o Francisco e Zona da Mata. As temperaturas devem variar entre m\u00ednimas de 24\u00baC e m\u00e1xima de 30\u00baC. No Sert\u00e3o, curtos per\u00edodos de sol intercalados com nuvens, com m\u00ednima que chega aos 23\u00baC, e a temperatura m\u00e1xima que atinge os 36\u00b0C.<\/p>\n\n\n\n<p>No s\u00e1bado (27), a instabilidade permanece em todas as regi\u00f5es de Alagoas, com tempo nebuloso e chuvas passageiras. No Agreste e Sert\u00e3o do S\u00e3o Francisco, os term\u00f4metros variam entre m\u00ednima de 22\u00b0C e m\u00e1xima de 34\u00b0.<\/p>\n\n\n\n<p>Fechado o final de semana, o domingo (28) segue com pancadas de chuva em todo Estado. Na capital, Litoral e Zona da Mata, m\u00ednima de 23\u00b0 e m\u00e1xima de 30\u00b0. Sert\u00e3o do S\u00e3o Francisco, temperatura m\u00ednima de 22\u00baC e m\u00e1xima de 35\u00baC.<\/p>\n\n\n\n<p>\u00a0\u00c9 importante refor\u00e7ar que a Sala de Alerta da Semarh monitora as condi\u00e7\u00f5es hidrol\u00f3gicas e meteorol\u00f3gicas de todas as regi\u00f5es Alagoas em tempo real.\u00a0 Para acompanhar a previs\u00e3o do tempo todos os dias, basta acessar o site\u00a0<a rel=\"noreferrer noopener\" href=\"http:\/\/www.semarh.al.gov.br\/\" target=\"_blank\">www.semarh.al.gov.br<\/a>\u00a0ou baixar o aplicativo \u201cSemarh Tempo Alagoas\u201d dispon\u00edveis para os sistemas Android e iOS.<\/p>\n\n\n\n<p>Assessoria<\/p>\n","protected":false},"excerpt":{"rendered":"<p>Com o in\u00edcio do Outono na \u00faltima semana, a previs\u00e3o \u00e9 de que as chuvas comecem a<\/p>\n","protected":false},"author":1,"featured_media":2926,"comment_status":"open","ping_status":"open","sticky":false,"template":"","format":"standard","meta":{"footnotes":""},"categories":[60],"tags":[],"class_list":["post-14386","post","type-post","status-publish","format-standard","has-post-thumbnail","hentry","category-capa"],"_links":{"self":[{"href":"https:\/\/4cantosalagoas.com.br\/portal\/wp-json\/wp\/v2\/posts\/14386","targetHints":{"allow":["GET"]}}],"collection":[{"href":"https:\/\/4cantosalagoas.com.br\/portal\/wp-json\/wp\/v2\/posts"}],"about":[{"href":"https:\/\/4cantosalagoas.com.br\/portal\/wp-json\/wp\/v2\/types\/post"}],"author":[{"embeddable":true,"href":"https:\/\/4cantosalagoas.com.br\/portal\/wp-json\/wp\/v2\/users\/1"}],"replies":[{"embeddable":true,"href":"https:\/\/4cantosalagoas.com.br\/portal\/wp-json\/wp\/v2\/comments?post=14386"}],"version-history":[{"count":1,"href":"https:\/\/4cantosalagoas.com.br\/portal\/wp-json\/wp\/v2\/posts\/14386\/revisions"}],"predecessor-version":[{"id":14387,"href":"https:\/\/4cantosalagoas.com.br\/portal\/wp-json\/wp\/v2\/posts\/14386\/revisions\/14387"}],"wp:featuredmedia":[{"embeddable":true,"href":"https:\/\/4cantosalagoas.com.br\/portal\/wp-json\/wp\/v2\/media\/2926"}],"wp:attachment":[{"href":"https:\/\/4cantosalagoas.com.br\/portal\/wp-json\/wp\/v2\/media?parent=14386"}],"wp:term":[{"taxonomy":"category","embeddable":true,"href":"https:\/\/4cantosalagoas.com.br\/portal\/wp-json\/wp\/v2\/categories?post=14386"},{"taxonomy":"post_tag","embeddable":true,"href":"https:\/\/4cantosalagoas.com.br\/portal\/wp-json\/wp\/v2\/tags?post=14386"}],"curies":[{"name":"wp","href":"https:\/\/api.w.org\/{rel}","templated":true}]}}