{"id":14245,"date":"2021-03-13T11:28:11","date_gmt":"2021-03-13T14:28:11","guid":{"rendered":"http:\/\/4cantosalagoas.com.br\/portal\/?p=14245"},"modified":"2021-03-13T11:28:17","modified_gmt":"2021-03-13T14:28:17","slug":"tempo-seco-e-sol-entre-nuvens-em-alagoas-confira-a-previsao-do-tempo","status":"publish","type":"post","link":"https:\/\/4cantosalagoas.com.br\/portal\/tempo-seco-e-sol-entre-nuvens-em-alagoas-confira-a-previsao-do-tempo\/","title":{"rendered":"Tempo seco e sol entre nuvens em Alagoas; Confira a previs\u00e3o do tempo"},"content":{"rendered":"\n<figure class=\"wp-block-image\"><img fetchpriority=\"high\" decoding=\"async\" width=\"1024\" height=\"612\" src=\"http:\/\/4cantosalagoas.com.br\/portal\/wp-content\/uploads\/2018\/05\/sol-1024x612.jpg\" alt=\"\" class=\"wp-image-2926\" srcset=\"https:\/\/4cantosalagoas.com.br\/portal\/wp-content\/uploads\/2018\/05\/sol-1024x612.jpg 1024w, https:\/\/4cantosalagoas.com.br\/portal\/wp-content\/uploads\/2018\/05\/sol-300x179.jpg 300w, https:\/\/4cantosalagoas.com.br\/portal\/wp-content\/uploads\/2018\/05\/sol-768x459.jpg 768w, https:\/\/4cantosalagoas.com.br\/portal\/wp-content\/uploads\/2018\/05\/sol-375x224.jpg 375w, https:\/\/4cantosalagoas.com.br\/portal\/wp-content\/uploads\/2018\/05\/sol-465x278.jpg 465w, https:\/\/4cantosalagoas.com.br\/portal\/wp-content\/uploads\/2018\/05\/sol-695x415.jpg 695w, https:\/\/4cantosalagoas.com.br\/portal\/wp-content\/uploads\/2018\/05\/sol.jpg 1467w\" sizes=\"(max-width: 1024px) 100vw, 1024px\" \/><figcaption>Foto\/Gl\u00e9cio Rodrigues<\/figcaption><\/figure>\n\n\n\n<p>O ver\u00e3o est\u00e1 chegando ao fim, mas ainda teremos dias quentes em Alagoas. \u00c9 o que aponta a previs\u00e3o do tempo divulgada pela Sala de Alerta da Secretaria de Estado do Meio Ambiente e dos Recursos H\u00eddricos (Semarh) nesta sexta-feira (12).<\/p>\n\n\n\n<p>Ainda nesta sexta, poss\u00edveis chuvas nas primeiras horas da manh\u00e3 e tempo parcialmente nublado no decorrer da tarde e noite em Macei\u00f3, Baixo S\u00e3o Francisco, Litoral e Zona da Mata, com temperatura m\u00ednima que atinge os 23\u00b0C e m\u00e1xima de 31\u00b0C. No Agreste e Sert\u00e3o, muito sol e m\u00e1xima atingindo os 38\u00b0C.<\/p>\n\n\n\n<p>No s\u00e1bado (13), sol entre poucas nuvens e tempo seco em todas as regi\u00f5es do Estado. Os term\u00f4metros variam entre 24\u00b0C e 31\u00b0C na Capital, Baixo S\u00e3o Francisco e Litoral, e 21\u00b0C e 31\u00b0C no Sert\u00e3o de Alagoas.<\/p>\n\n\n\n<p>Iniciando a nova semana, no domingo (14) o tempo e clima se mant\u00eam o mesmo dos \u00faltimos dias, tempo seco e sensa\u00e7\u00e3o t\u00e9rmica elevada. Em Macei\u00f3 e Litoral, 24\u00b0C e 32\u00b0C, Agreste, 22\u00b0C e 34\u00b0C, Sert\u00e3o, 21\u00b0C e 36\u00b0C, e Zona da Mata com 23\u00b0C e 32\u00b0C. &nbsp;&nbsp;<\/p>\n\n\n\n<p>A previs\u00e3o do tempo pode ser acompanhada diariamente em\u00a0<a rel=\"noreferrer noopener\" href=\"http:\/\/www.semarh.al.gov.br\/\" target=\"_blank\">www.semarh.al.gov.br<\/a>\u00a0e no aplicativo \u201cSemarh Tempo Alagoas\u201d dispon\u00edvel para a plataforma android e iOS.<\/p>\n\n\n\n<p>Assessoria<\/p>\n","protected":false},"excerpt":{"rendered":"<p>O ver\u00e3o est\u00e1 chegando ao fim, mas ainda teremos dias quentes em Alagoas. \u00c9 o que aponta<\/p>\n","protected":false},"author":1,"featured_media":2926,"comment_status":"open","ping_status":"open","sticky":false,"template":"","format":"standard","meta":{"footnotes":""},"categories":[60],"tags":[],"class_list":["post-14245","post","type-post","status-publish","format-standard","has-post-thumbnail","hentry","category-capa"],"_links":{"self":[{"href":"https:\/\/4cantosalagoas.com.br\/portal\/wp-json\/wp\/v2\/posts\/14245","targetHints":{"allow":["GET"]}}],"collection":[{"href":"https:\/\/4cantosalagoas.com.br\/portal\/wp-json\/wp\/v2\/posts"}],"about":[{"href":"https:\/\/4cantosalagoas.com.br\/portal\/wp-json\/wp\/v2\/types\/post"}],"author":[{"embeddable":true,"href":"https:\/\/4cantosalagoas.com.br\/portal\/wp-json\/wp\/v2\/users\/1"}],"replies":[{"embeddable":true,"href":"https:\/\/4cantosalagoas.com.br\/portal\/wp-json\/wp\/v2\/comments?post=14245"}],"version-history":[{"count":1,"href":"https:\/\/4cantosalagoas.com.br\/portal\/wp-json\/wp\/v2\/posts\/14245\/revisions"}],"predecessor-version":[{"id":14246,"href":"https:\/\/4cantosalagoas.com.br\/portal\/wp-json\/wp\/v2\/posts\/14245\/revisions\/14246"}],"wp:featuredmedia":[{"embeddable":true,"href":"https:\/\/4cantosalagoas.com.br\/portal\/wp-json\/wp\/v2\/media\/2926"}],"wp:attachment":[{"href":"https:\/\/4cantosalagoas.com.br\/portal\/wp-json\/wp\/v2\/media?parent=14245"}],"wp:term":[{"taxonomy":"category","embeddable":true,"href":"https:\/\/4cantosalagoas.com.br\/portal\/wp-json\/wp\/v2\/categories?post=14245"},{"taxonomy":"post_tag","embeddable":true,"href":"https:\/\/4cantosalagoas.com.br\/portal\/wp-json\/wp\/v2\/tags?post=14245"}],"curies":[{"name":"wp","href":"https:\/\/api.w.org\/{rel}","templated":true}]}}