{"id":14234,"date":"2021-03-11T19:05:51","date_gmt":"2021-03-11T22:05:51","guid":{"rendered":"http:\/\/4cantosalagoas.com.br\/portal\/?p=14234"},"modified":"2021-03-11T19:05:56","modified_gmt":"2021-03-11T22:05:56","slug":"prefeitura-vai-abrir-dois-novos-pontos-de-vacinacao-nesta-sexta-feira-12","status":"publish","type":"post","link":"https:\/\/4cantosalagoas.com.br\/portal\/prefeitura-vai-abrir-dois-novos-pontos-de-vacinacao-nesta-sexta-feira-12\/","title":{"rendered":"Prefeitura vai abrir dois novos pontos de vacina\u00e7\u00e3o nesta sexta-feira (12)"},"content":{"rendered":"\n<figure class=\"wp-block-image\"><img fetchpriority=\"high\" decoding=\"async\" width=\"1280\" height=\"720\" src=\"https:\/\/i2.wp.com\/4cantosalagoas.com.br\/portal\/wp-content\/uploads\/2021\/03\/ponto-vacina-jf-ggi.jpg?fit=1024%2C576\" alt=\"\" class=\"wp-image-14235\" srcset=\"https:\/\/4cantosalagoas.com.br\/portal\/wp-content\/uploads\/2021\/03\/ponto-vacina-jf-ggi.jpg 1280w, https:\/\/4cantosalagoas.com.br\/portal\/wp-content\/uploads\/2021\/03\/ponto-vacina-jf-ggi-300x169.jpg 300w, https:\/\/4cantosalagoas.com.br\/portal\/wp-content\/uploads\/2021\/03\/ponto-vacina-jf-ggi-768x432.jpg 768w, https:\/\/4cantosalagoas.com.br\/portal\/wp-content\/uploads\/2021\/03\/ponto-vacina-jf-ggi-1024x576.jpg 1024w\" sizes=\"(max-width: 1280px) 100vw, 1280px\" \/><figcaption> <br><em>Ponto de vacina\u00e7\u00e3o estilo drive-thru ser\u00e1 aberto nesta sexta na sede da Justi\u00e7a Federal \/ Foto: GGI Covid-19<\/em> <\/figcaption><\/figure>\n\n\n\n<p>A Prefeitura de Macei\u00f3 vai abrir dois novos pontos de vacina\u00e7\u00e3o a partir desta sexta-feira (12), para ampliar o atendimento \u00e0 popula\u00e7\u00e3o j\u00e1 durante a primeira fase da imuniza\u00e7\u00e3o contra a Covid-19. No total, ser\u00e3o seis locais de atendimento ao p\u00fablico.<\/p>\n\n\n\n<p>Os novos pontos ficam no estacionamento da Justi\u00e7a Federal, na Via Expressa, pr\u00f3ximo \u00e0 entrada do Conjunto Jos\u00e9 Ten\u00f3rio; e no Gin\u00e1sio Arivaldo Maia, na via principal do Jacintinho, em frente ao Posto Petrobras.<\/p>\n\n\n\n<p>Na Justi\u00e7a Federal, a estrutura ser\u00e1 para drive-thru, ou seja, o idoso poder\u00e1 entrar no local e ser vacinado sem sair do carro.<\/p>\n\n\n\n<figure class=\"wp-block-image\"><img decoding=\"async\" src=\"http:\/\/www.maceio.al.gov.br\/wp-content\/uploads\/2021\/03\/jpg\/2021\/03\/ponto-vacina-arivaldo-ggi-1024x498.jpg\" alt=\"\" class=\"wp-image-398229\"\/><figcaption><em>Segundo local aberto nesta sexta ser\u00e1 no Gin\u00e1sio Arivaldo Maia \/ Foto: GGI Covid-19<\/em><\/figcaption><\/figure>\n\n\n\n<p>J\u00e1 o Arivaldo Maia ser\u00e1 um ponto fixo, para onde as pessoas v\u00e3o se dirigir sem seus ve\u00edculos. A Prefeitura recomenda a quem for ao local de carro que estacione nas vias transversais para evitar congestionamentos.<\/p>\n\n\n\n<p>Com a amplia\u00e7\u00e3o dos locais de imuniza\u00e7\u00e3o, o Munic\u00edpio tamb\u00e9m vai manter especialmente neste fim de semana a vacina\u00e7\u00e3o no s\u00e1bado e domingo para dar mais comodidade aos idosos com 75 anos ou mais contemplados nesta etapa.<\/p>\n\n\n\n<p>\u201cEstamos fazendo todos os esfor\u00e7os para vacinar o m\u00e1ximo de pessoas o mais r\u00e1pido poss\u00edvel, para que todos possam continuar trabalhando e para evitar um colapso no sistema de sa\u00fade. Al\u00e9m de vacinar, pedimos que as pessoas evitem aglomera\u00e7\u00f5es, usem m\u00e1scaras, higienizem as m\u00e3os. \u00c9 preciso um esfor\u00e7o de todos\u201d, afirmou o coordenador do Gabinete de Gest\u00e3o Integrada para o Enfrentamento \u00e0 Covid-19, Claydson Moura.<\/p>\n\n\n\n<p>Assessoria<\/p>\n","protected":false},"excerpt":{"rendered":"<p>A Prefeitura de Macei\u00f3 vai abrir dois novos pontos de vacina\u00e7\u00e3o a partir desta sexta-feira (12), para<\/p>\n","protected":false},"author":1,"featured_media":14235,"comment_status":"open","ping_status":"open","sticky":false,"template":"","format":"standard","meta":{"footnotes":""},"categories":[60],"tags":[],"class_list":["post-14234","post","type-post","status-publish","format-standard","has-post-thumbnail","hentry","category-capa"],"_links":{"self":[{"href":"https:\/\/4cantosalagoas.com.br\/portal\/wp-json\/wp\/v2\/posts\/14234","targetHints":{"allow":["GET"]}}],"collection":[{"href":"https:\/\/4cantosalagoas.com.br\/portal\/wp-json\/wp\/v2\/posts"}],"about":[{"href":"https:\/\/4cantosalagoas.com.br\/portal\/wp-json\/wp\/v2\/types\/post"}],"author":[{"embeddable":true,"href":"https:\/\/4cantosalagoas.com.br\/portal\/wp-json\/wp\/v2\/users\/1"}],"replies":[{"embeddable":true,"href":"https:\/\/4cantosalagoas.com.br\/portal\/wp-json\/wp\/v2\/comments?post=14234"}],"version-history":[{"count":1,"href":"https:\/\/4cantosalagoas.com.br\/portal\/wp-json\/wp\/v2\/posts\/14234\/revisions"}],"predecessor-version":[{"id":14236,"href":"https:\/\/4cantosalagoas.com.br\/portal\/wp-json\/wp\/v2\/posts\/14234\/revisions\/14236"}],"wp:featuredmedia":[{"embeddable":true,"href":"https:\/\/4cantosalagoas.com.br\/portal\/wp-json\/wp\/v2\/media\/14235"}],"wp:attachment":[{"href":"https:\/\/4cantosalagoas.com.br\/portal\/wp-json\/wp\/v2\/media?parent=14234"}],"wp:term":[{"taxonomy":"category","embeddable":true,"href":"https:\/\/4cantosalagoas.com.br\/portal\/wp-json\/wp\/v2\/categories?post=14234"},{"taxonomy":"post_tag","embeddable":true,"href":"https:\/\/4cantosalagoas.com.br\/portal\/wp-json\/wp\/v2\/tags?post=14234"}],"curies":[{"name":"wp","href":"https:\/\/api.w.org\/{rel}","templated":true}]}}