{"id":14205,"date":"2021-03-10T10:55:17","date_gmt":"2021-03-10T13:55:17","guid":{"rendered":"http:\/\/4cantosalagoas.com.br\/portal\/?p=14205"},"modified":"2021-03-10T10:55:22","modified_gmt":"2021-03-10T13:55:22","slug":"presos-tio-e-sobrinho-acusados-de-homicidio-em-jundia","status":"publish","type":"post","link":"https:\/\/4cantosalagoas.com.br\/portal\/presos-tio-e-sobrinho-acusados-de-homicidio-em-jundia\/","title":{"rendered":"Presos tio e sobrinho acusados de homic\u00eddio, em Jundi\u00e1"},"content":{"rendered":"\n<figure class=\"wp-block-image\"><img fetchpriority=\"high\" decoding=\"async\" width=\"724\" height=\"424\" src=\"http:\/\/4cantosalagoas.com.br\/portal\/wp-content\/uploads\/2020\/10\/PC_Cra\u00edbas.thumbnail.jpg\" alt=\"\" class=\"wp-image-12897\" srcset=\"https:\/\/4cantosalagoas.com.br\/portal\/wp-content\/uploads\/2020\/10\/PC_Cra\u00edbas.thumbnail.jpg 724w, https:\/\/4cantosalagoas.com.br\/portal\/wp-content\/uploads\/2020\/10\/PC_Cra\u00edbas.thumbnail-300x176.jpg 300w\" sizes=\"(max-width: 724px) 100vw, 724px\" \/><figcaption>Assessoria<\/figcaption><\/figure>\n\n\n\n<p>Policiais civis da 10.\u00aa Delegacia Regional de Pol\u00edcia (10\u00aa DRP) prenderam nesta ter\u00e7a-feira (9), no munic\u00edpio de Jundi\u00e1, dois homens, de 64 anos e 42 anos de idade, tio e sobrinho, acusados do assassinato de Carlito Sebasti\u00e3o do Nascimento, de 51 anos.<\/p>\n\n\n\n<p>Os policiais deram cumprimento a mandado de pris\u00e3o preventiva, expedido pela Justi\u00e7a.<\/p>\n\n\n\n<p>Carlito foi morto, a golpes de porrete, no dia 20 de janeiro de 2002, no Conjunto Jaime Machado, em Jundi\u00e1.<\/p>\n\n\n\n<p>De acordo com o delegado Isa\u00edas Rodrigues, da Regional de Novo Lino, acusados e v\u00edtima&nbsp;se desentenderam anteriormente e, no dia do crime, tio e sobrinho foram at\u00e9 a resid\u00eancia de Carlito e o executaram a pauladas.<\/p>\n\n\n\n<p>\u201cOs suspeitos estavam foragidos at\u00e9 recentemente e, atrav\u00e9s de levantamentos, tomamos ci\u00eancia de que haviam retornado \u00e0 cidade de Jundi\u00e1, sendo ent\u00e3o cumpridos os mandados de pris\u00e3o\u201d, disse o delegado Isa\u00edas Rodrigues.<\/p>\n\n\n\n<p>Os dois autores est\u00e3o recolhidos na carceragem da 10\u00aa DRP, \u00e0 disposi\u00e7\u00e3o do Ju\u00edzo de Porto Calvo.<\/p>\n\n\n\n<p>Assessoria<\/p>\n","protected":false},"excerpt":{"rendered":"<p>Policiais civis da 10.\u00aa Delegacia Regional de Pol\u00edcia (10\u00aa DRP) prenderam nesta ter\u00e7a-feira (9), no munic\u00edpio de<\/p>\n","protected":false},"author":1,"featured_media":12897,"comment_status":"open","ping_status":"open","sticky":false,"template":"","format":"standard","meta":{"footnotes":""},"categories":[11],"tags":[],"class_list":["post-14205","post","type-post","status-publish","format-standard","has-post-thumbnail","hentry","category-policia"],"_links":{"self":[{"href":"https:\/\/4cantosalagoas.com.br\/portal\/wp-json\/wp\/v2\/posts\/14205","targetHints":{"allow":["GET"]}}],"collection":[{"href":"https:\/\/4cantosalagoas.com.br\/portal\/wp-json\/wp\/v2\/posts"}],"about":[{"href":"https:\/\/4cantosalagoas.com.br\/portal\/wp-json\/wp\/v2\/types\/post"}],"author":[{"embeddable":true,"href":"https:\/\/4cantosalagoas.com.br\/portal\/wp-json\/wp\/v2\/users\/1"}],"replies":[{"embeddable":true,"href":"https:\/\/4cantosalagoas.com.br\/portal\/wp-json\/wp\/v2\/comments?post=14205"}],"version-history":[{"count":1,"href":"https:\/\/4cantosalagoas.com.br\/portal\/wp-json\/wp\/v2\/posts\/14205\/revisions"}],"predecessor-version":[{"id":14206,"href":"https:\/\/4cantosalagoas.com.br\/portal\/wp-json\/wp\/v2\/posts\/14205\/revisions\/14206"}],"wp:featuredmedia":[{"embeddable":true,"href":"https:\/\/4cantosalagoas.com.br\/portal\/wp-json\/wp\/v2\/media\/12897"}],"wp:attachment":[{"href":"https:\/\/4cantosalagoas.com.br\/portal\/wp-json\/wp\/v2\/media?parent=14205"}],"wp:term":[{"taxonomy":"category","embeddable":true,"href":"https:\/\/4cantosalagoas.com.br\/portal\/wp-json\/wp\/v2\/categories?post=14205"},{"taxonomy":"post_tag","embeddable":true,"href":"https:\/\/4cantosalagoas.com.br\/portal\/wp-json\/wp\/v2\/tags?post=14205"}],"curies":[{"name":"wp","href":"https:\/\/api.w.org\/{rel}","templated":true}]}}