{"id":14202,"date":"2021-03-10T08:00:10","date_gmt":"2021-03-10T11:00:10","guid":{"rendered":"http:\/\/4cantosalagoas.com.br\/portal\/?p=14202"},"modified":"2021-03-10T08:00:15","modified_gmt":"2021-03-10T11:00:15","slug":"tentativa-de-homicidio-e-importunacao-sexual-mpal-denuncia-empresario-que-atirou-em-quatro-pessoas-na-praia-do-frances","status":"publish","type":"post","link":"https:\/\/4cantosalagoas.com.br\/portal\/tentativa-de-homicidio-e-importunacao-sexual-mpal-denuncia-empresario-que-atirou-em-quatro-pessoas-na-praia-do-frances\/","title":{"rendered":"Tentativa de homic\u00eddio e importuna\u00e7\u00e3o sexual: MPAL denuncia empres\u00e1rio que atirou em quatro pessoas, na Praia do Franc\u00eas"},"content":{"rendered":"\n<figure class=\"wp-block-image\"><img fetchpriority=\"high\" decoding=\"async\" width=\"1200\" height=\"950\" src=\"https:\/\/i2.wp.com\/4cantosalagoas.com.br\/portal\/wp-content\/uploads\/2021\/03\/Promotoria-de-Justi\u00e7a-de-Marechal-Deodoro-1200x950.jpg?fit=1024%2C811\" alt=\"\" class=\"wp-image-14203\" srcset=\"https:\/\/4cantosalagoas.com.br\/portal\/wp-content\/uploads\/2021\/03\/Promotoria-de-Justi\u00e7a-de-Marechal-Deodoro-1200x950.jpg 1200w, https:\/\/4cantosalagoas.com.br\/portal\/wp-content\/uploads\/2021\/03\/Promotoria-de-Justi\u00e7a-de-Marechal-Deodoro-1200x950-300x238.jpg 300w, https:\/\/4cantosalagoas.com.br\/portal\/wp-content\/uploads\/2021\/03\/Promotoria-de-Justi\u00e7a-de-Marechal-Deodoro-1200x950-768x608.jpg 768w, https:\/\/4cantosalagoas.com.br\/portal\/wp-content\/uploads\/2021\/03\/Promotoria-de-Justi\u00e7a-de-Marechal-Deodoro-1200x950-1024x811.jpg 1024w\" sizes=\"(max-width: 1200px) 100vw, 1200px\" \/><figcaption>Assessoria<\/figcaption><\/figure>\n\n\n\n<p>O Minist\u00e9rio P\u00fablico do Estado de Alagoas (MPAL) ajuizou den\u00fancia contra o empres\u00e1rio C\u00edcero Andrade de Souza que, no dia 19 de fevereiro \u00faltimo, atirou contra quatro pessoas, ferindo duas delas, numa barraca localizada na Praia do Franc\u00eas. Ele \u00e9 acusado de ter praticado os crimes de tentativa de homic\u00eddio qualificado e importuna\u00e7\u00e3o sexual. Al\u00e9m disso, tamb\u00e9m foi requerida a manuten\u00e7\u00e3o da pris\u00e3o dele em defesa da ordem p\u00fablica.<\/p>\n\n\n\n<p>A a\u00e7\u00e3o penal foi proposta pela 2\u00aa Promotoria de Justi\u00e7a de Marechal Deodoro, cuja titularidade pertence a promotora Am\u00e9lia Campelo. Na peti\u00e7\u00e3o, ela pede a condena\u00e7\u00e3o de C\u00edcero Andrade por entender que ele tentou tirar a vida das v\u00edtimas por motivo torpe, o que representa uma qualificadora e, portanto, um agravante, para o il\u00edcito penal cometido. Al\u00e9m disso, a representante do MPAL tamb\u00e9m alega que o r\u00e9u praticou \u201cato libidinoso, sem a anu\u00eancia da gar\u00e7onete, com o objetivo de satisfazer a pr\u00f3pria lasc\u00edvia\u201d, o que o enquadrou no crime de importuna\u00e7\u00e3o sexual, previsto Lei n\u00ba 13.718\/2018.<\/p>\n\n\n\n<p>Segundo a den\u00fancia, a confus\u00e3o envolvendo o r\u00e9u teve in\u00edcio quando \u201cC\u00edcero Andrade chegou \u00e0 barraca de praia, visivelmente embriagado, acompanhado de um homem e algumas mulheres n\u00e3o identificados, e que ap\u00f3s o grupo se acomodar em uma mesa, este passou a importunar as gar\u00e7onetes, alisando-lhes o corpo e perguntando se gostariam de te um filho com ele, chegando a afirmar que pagava dez mil reais \u00e0s mulheres que saiam com ele. Consta ainda nos autos, que em dado momento, o denunciado segurou uma gar\u00e7onete, tentando beijar-lhe a boca\u201d.<\/p>\n\n\n\n<p>Em raz\u00e3o disso, um dos gar\u00e7ons, que viu o constrangimento da colega, reclamou com o denunciado, mas isso de nada adiantou. E, ao insistir na confus\u00e3o, C\u00edcero Andrade agrediu verbalmente e fisicamente um dos atendentes, chamando-o de \u201cnegrinho\u201d e \u201cmacaco\u201d.<\/p>\n\n\n\n<p>O conflito seguiu e, mesmo ap\u00f3s a interven\u00e7\u00e3o dos donos da barraca de praia, o empres\u00e1rio n\u00e3o parou com as agress\u00f5es, tendo recrudescido seu comportamento e passado a atirar nas v\u00edtimas. Em raz\u00e3o disso, duas pessoas foram baleadas, um gar\u00e7om e um dos s\u00f3cios do estabelecimento comercial.<\/p>\n\n\n\n<p><strong>Os pedidos do MPAL&nbsp;<\/strong><\/p>\n\n\n\n<p>O Minist\u00e9rio P\u00fablico de Alagoas requereu a condena\u00e7\u00e3o de C\u00edcero Andrade pelos crimes de tentativa de homic\u00eddio qualificado e importuna\u00e7\u00e3o sexual. \u201cA materialidade e a autoria do crime est\u00e3o configuradas atrav\u00e9s dos depoimentos das testemunhas, das v\u00edtimas, bem como do v\u00eddeo do circuito de seguran\u00e7a\u201d, aponta a 2\u00aa Promotoria de Justi\u00e7a de Marechal Deodoro.<\/p>\n\n\n\n<p>Am\u00e9lia Campelo pediu ainda a perda do porte de arma do r\u00e9u.<\/p>\n\n\n\n<p><strong>Manuten\u00e7\u00e3o da pris\u00e3o<\/strong><\/p>\n\n\n\n<p>O Minist\u00e9rio P\u00fablico tamb\u00e9m requereu a manuten\u00e7\u00e3o da pris\u00e3o preventiva do r\u00e9u. \u201cA gravidade da conduta cometida em absoluto desatino, qual seja, atirar aproximadamente dezoito vezes em uma praia de alto movimento de pessoas, em dire\u00e7\u00e3o a quatro pessoas distintas, sem ter com elas qualquer v\u00ednculo anterior, exige a segrega\u00e7\u00e3o cautelar como \u00fanica forma de deter aqueles que n\u00e3o se intimidam pelas regras de conv\u00edvio social e nem pelo pr\u00f3prio texto legal\u201d, argumentou o MPAL.<\/p>\n\n\n\n<p>Al\u00e9m disso, a 2\u00aa Promotoria de Justi\u00e7a de Marechal Deodoro alegou que as v\u00edtimas, ao serem ouvidas perante a autoridade policial, afirmaram temer pelas pr\u00f3prias vidas em caso de soltura do acusado, e que o \u201ccrime cometido contra as pessoas mediante grave amea\u00e7a a suas incolumidades f\u00edsicas, gerou imensa como\u00e7\u00e3o e alta repercuss\u00e3o social, vez que o v\u00eddeo dos disparos foi veiculado amplamente na imprensa, sendo a segrega\u00e7\u00e3o do acusado imperativo da manuten\u00e7\u00e3o da ordem p\u00fablica\u201d.<\/p>\n\n\n\n<p>Assessoria<\/p>\n","protected":false},"excerpt":{"rendered":"<p>O Minist\u00e9rio P\u00fablico do Estado de Alagoas (MPAL) ajuizou den\u00fancia contra o empres\u00e1rio C\u00edcero Andrade de Souza<\/p>\n","protected":false},"author":1,"featured_media":14203,"comment_status":"open","ping_status":"open","sticky":false,"template":"","format":"standard","meta":{"footnotes":""},"categories":[60],"tags":[],"class_list":["post-14202","post","type-post","status-publish","format-standard","has-post-thumbnail","hentry","category-capa"],"_links":{"self":[{"href":"https:\/\/4cantosalagoas.com.br\/portal\/wp-json\/wp\/v2\/posts\/14202","targetHints":{"allow":["GET"]}}],"collection":[{"href":"https:\/\/4cantosalagoas.com.br\/portal\/wp-json\/wp\/v2\/posts"}],"about":[{"href":"https:\/\/4cantosalagoas.com.br\/portal\/wp-json\/wp\/v2\/types\/post"}],"author":[{"embeddable":true,"href":"https:\/\/4cantosalagoas.com.br\/portal\/wp-json\/wp\/v2\/users\/1"}],"replies":[{"embeddable":true,"href":"https:\/\/4cantosalagoas.com.br\/portal\/wp-json\/wp\/v2\/comments?post=14202"}],"version-history":[{"count":1,"href":"https:\/\/4cantosalagoas.com.br\/portal\/wp-json\/wp\/v2\/posts\/14202\/revisions"}],"predecessor-version":[{"id":14204,"href":"https:\/\/4cantosalagoas.com.br\/portal\/wp-json\/wp\/v2\/posts\/14202\/revisions\/14204"}],"wp:featuredmedia":[{"embeddable":true,"href":"https:\/\/4cantosalagoas.com.br\/portal\/wp-json\/wp\/v2\/media\/14203"}],"wp:attachment":[{"href":"https:\/\/4cantosalagoas.com.br\/portal\/wp-json\/wp\/v2\/media?parent=14202"}],"wp:term":[{"taxonomy":"category","embeddable":true,"href":"https:\/\/4cantosalagoas.com.br\/portal\/wp-json\/wp\/v2\/categories?post=14202"},{"taxonomy":"post_tag","embeddable":true,"href":"https:\/\/4cantosalagoas.com.br\/portal\/wp-json\/wp\/v2\/tags?post=14202"}],"curies":[{"name":"wp","href":"https:\/\/api.w.org\/{rel}","templated":true}]}}