{"id":14200,"date":"2021-03-10T07:39:05","date_gmt":"2021-03-10T10:39:05","guid":{"rendered":"http:\/\/4cantosalagoas.com.br\/portal\/?p=14200"},"modified":"2021-03-10T07:39:09","modified_gmt":"2021-03-10T10:39:09","slug":"policia-civil-prende-suspeito-de-assassinar-menor-a-machadadas-no-ouro-preto","status":"publish","type":"post","link":"https:\/\/4cantosalagoas.com.br\/portal\/policia-civil-prende-suspeito-de-assassinar-menor-a-machadadas-no-ouro-preto\/","title":{"rendered":"Pol\u00edcia Civil prende suspeito de assassinar menor a machadadas no Ouro Preto"},"content":{"rendered":"\n<figure class=\"wp-block-image\"><img fetchpriority=\"high\" decoding=\"async\" width=\"750\" height=\"500\" src=\"http:\/\/4cantosalagoas.com.br\/portal\/wp-content\/uploads\/2020\/05\/DHPP.thumbnail.jpg\" alt=\"\" class=\"wp-image-11414\" srcset=\"https:\/\/4cantosalagoas.com.br\/portal\/wp-content\/uploads\/2020\/05\/DHPP.thumbnail.jpg 750w, https:\/\/4cantosalagoas.com.br\/portal\/wp-content\/uploads\/2020\/05\/DHPP.thumbnail-300x200.jpg 300w\" sizes=\"(max-width: 750px) 100vw, 750px\" \/><figcaption>Assessoria<\/figcaption><\/figure>\n\n\n\n<p>A Pol\u00edcia Civil por meio da Delegacia de Homic\u00eddios e Prote\u00e7\u00e3o \u00e0 Pessoa (DHPP) prendeu na ter\u00e7a-feira(9), no bairro do Ouro Preto, um dos suspeitos de participar da execu\u00e7\u00e3o de Jo\u00e3o Gabriel Ol\u00edmpio Silva Pinheiro, de 17 anos, em janeiro deste ano.<\/p>\n\n\n\n<p>O acusado de 22 anos \u00e9 apontado como l\u00edder do grupo criminoso que praticou o homic\u00eddio. No dia do ato delituoso, os criminosos amarraram a v\u00edtima e a assassinaram com golpes de machado. Todo o crime foi filmado pelos autores e divulgado nas redes sociais.<\/p>\n\n\n\n<p>O caso chama a aten\u00e7\u00e3o pela crueldade. Jo\u00e3o Gabriel, sem nenhuma chance de defesa, teve o cr\u00e2nio esfacelado e o rosto desfigurado. Ap\u00f3s o crime consumado, foi escrito nas costas da v\u00edtima, com seu pr\u00f3prio sangue, o nome de outro desafeto dos autores e isso serviria como um recado para ele.<\/p>\n\n\n\n<p>A pris\u00e3o foi decretada pelo juiz Geraldo Amorim da 9 vara criminal do tribunal do j\u00fari de Macei\u00f3.<\/p>\n\n\n\n<p>O suspeito foi abordado pela equipe de Policiais Civis da Delegacia de Homic\u00eddios e prote\u00e7\u00e3o \u00e0 Pessoa (DHPP), coordenada pelo delegado F\u00e1bio Costa, com o apoio de agentes do T\u00e1tico Integrado de Grupos de Resgates Especiais (Tigre).<\/p>\n\n\n\n<p>A namorada dele, que tamb\u00e9m estava no local de pris\u00e3o, foi presa em flagrante, confessando ser tamb\u00e9m traficante de drogas. Com ela foram apreendidos celulares, dinheiro e drogas.<\/p>\n\n\n\n<p><strong>O CASO<\/strong><\/p>\n\n\n\n<p>O crime aconteceu no bairro do Ouro Preto, em uma \u00e1rea de mata. Jo\u00e3o Gabriel passou a noite amarrado e foi assassinado no dia seguinte, com v\u00e1rios golpes de machado.<\/p>\n\n\n\n<p>Al\u00e9m disso, o homic\u00eddio foi filmado pelos pr\u00f3prios autores e o conte\u00fado circulou pelas redes sociais.<\/p>\n\n\n\n<p>Segundo o delegado F\u00e1bio Costa, a motiva\u00e7\u00e3o do crime teria rela\u00e7\u00e3o com d\u00edvidas de drogas na regi\u00e3o, j\u00e1 que familiares da v\u00edtima afirmam que Jo\u00e3o Gabriel era usu\u00e1rio de entorpecentes.<\/p>\n\n\n\n<p>Assessoria<\/p>\n","protected":false},"excerpt":{"rendered":"<p>A Pol\u00edcia Civil por meio da Delegacia de Homic\u00eddios e Prote\u00e7\u00e3o \u00e0 Pessoa (DHPP) prendeu na ter\u00e7a-feira(9),<\/p>\n","protected":false},"author":1,"featured_media":11414,"comment_status":"open","ping_status":"open","sticky":false,"template":"","format":"standard","meta":{"footnotes":""},"categories":[60],"tags":[],"class_list":["post-14200","post","type-post","status-publish","format-standard","has-post-thumbnail","hentry","category-capa"],"_links":{"self":[{"href":"https:\/\/4cantosalagoas.com.br\/portal\/wp-json\/wp\/v2\/posts\/14200","targetHints":{"allow":["GET"]}}],"collection":[{"href":"https:\/\/4cantosalagoas.com.br\/portal\/wp-json\/wp\/v2\/posts"}],"about":[{"href":"https:\/\/4cantosalagoas.com.br\/portal\/wp-json\/wp\/v2\/types\/post"}],"author":[{"embeddable":true,"href":"https:\/\/4cantosalagoas.com.br\/portal\/wp-json\/wp\/v2\/users\/1"}],"replies":[{"embeddable":true,"href":"https:\/\/4cantosalagoas.com.br\/portal\/wp-json\/wp\/v2\/comments?post=14200"}],"version-history":[{"count":1,"href":"https:\/\/4cantosalagoas.com.br\/portal\/wp-json\/wp\/v2\/posts\/14200\/revisions"}],"predecessor-version":[{"id":14201,"href":"https:\/\/4cantosalagoas.com.br\/portal\/wp-json\/wp\/v2\/posts\/14200\/revisions\/14201"}],"wp:featuredmedia":[{"embeddable":true,"href":"https:\/\/4cantosalagoas.com.br\/portal\/wp-json\/wp\/v2\/media\/11414"}],"wp:attachment":[{"href":"https:\/\/4cantosalagoas.com.br\/portal\/wp-json\/wp\/v2\/media?parent=14200"}],"wp:term":[{"taxonomy":"category","embeddable":true,"href":"https:\/\/4cantosalagoas.com.br\/portal\/wp-json\/wp\/v2\/categories?post=14200"},{"taxonomy":"post_tag","embeddable":true,"href":"https:\/\/4cantosalagoas.com.br\/portal\/wp-json\/wp\/v2\/tags?post=14200"}],"curies":[{"name":"wp","href":"https:\/\/api.w.org\/{rel}","templated":true}]}}