{"id":14100,"date":"2021-03-03T10:25:52","date_gmt":"2021-03-03T13:25:52","guid":{"rendered":"http:\/\/4cantosalagoas.com.br\/portal\/?p=14100"},"modified":"2021-03-03T10:25:57","modified_gmt":"2021-03-03T13:25:57","slug":"parques-de-maceio-receberao-acao-em-homenagem-ao-dia-internacional-da-mulher","status":"publish","type":"post","link":"https:\/\/4cantosalagoas.com.br\/portal\/parques-de-maceio-receberao-acao-em-homenagem-ao-dia-internacional-da-mulher\/","title":{"rendered":"Parques de Macei\u00f3 receber\u00e3o a\u00e7\u00e3o em homenagem ao Dia Internacional da Mulher"},"content":{"rendered":"\n<figure class=\"wp-block-image\"><img fetchpriority=\"high\" decoding=\"async\" width=\"1024\" height=\"680\" src=\"http:\/\/4cantosalagoas.com.br\/portal\/wp-content\/uploads\/2018\/11\/partsra-1024x680.jpg\" alt=\"\" class=\"wp-image-5570\" srcset=\"https:\/\/4cantosalagoas.com.br\/portal\/wp-content\/uploads\/2018\/11\/partsra.jpg 1024w, https:\/\/4cantosalagoas.com.br\/portal\/wp-content\/uploads\/2018\/11\/partsra-300x199.jpg 300w, https:\/\/4cantosalagoas.com.br\/portal\/wp-content\/uploads\/2018\/11\/partsra-768x510.jpg 768w, https:\/\/4cantosalagoas.com.br\/portal\/wp-content\/uploads\/2018\/11\/partsra-375x249.jpg 375w, https:\/\/4cantosalagoas.com.br\/portal\/wp-content\/uploads\/2018\/11\/partsra-465x309.jpg 465w, https:\/\/4cantosalagoas.com.br\/portal\/wp-content\/uploads\/2018\/11\/partsra-695x462.jpg 695w, https:\/\/4cantosalagoas.com.br\/portal\/wp-content\/uploads\/2018\/11\/partsra-272x182.jpg 272w\" sizes=\"(max-width: 1024px) 100vw, 1024px\" \/><figcaption>Parque Municipal Secom Macei\u00f3<\/figcaption><\/figure>\n\n\n\n<p>O Dia Internacional da Mulher \u00e9 celebrado no dia 8 de Mar\u00e7o, e a Prefeitura de Macei\u00f3, atrav\u00e9s da Superintend\u00eancia Municipal de Desenvolvimento Sustent\u00e1vel (Sudes), preparou uma s\u00e9rie de a\u00e7\u00f5es dedicadas \u00e0s mulheres nos parques p\u00fablcios da cidade.<\/p>\n\n\n\n<p>A a\u00e7\u00e3o ocorrer\u00e1 no s\u00e1bado (6), no Parque Municipal de Macei\u00f3, e no domingo (7), no Parque do Horto. Dentre os servi\u00e7os de sa\u00fade ofertados pelos alunos e professores da Unit\/AL, est\u00e3o: teste de glicemia, aferi\u00e7\u00e3o de press\u00e3o, avalia\u00e7\u00e3o e educa\u00e7\u00e3o nutricional e orienta\u00e7\u00f5es de forma geral. Al\u00e9m disso, aulas de alongamento e melhoria de postura tamb\u00e9m ser\u00e3o oferecidas.<\/p>\n\n\n\n<p>\u201c\u00c9 um dia mais do que merecido a todas as alagoanas e estaremos \u00e0 disposi\u00e7\u00e3o da popula\u00e7\u00e3o seguindo todos os protocolos de biosseguran\u00e7a e oferencendo um dia diferente, de homenagens e de muita sa\u00fade e alegria para todas as Mulheres de Macei\u00f3. Convidamos a toda popula\u00e7\u00e3o, fam\u00edlias e especialmente a todas as mulheres a participarem da nossa a\u00e7\u00e3o\u201d, afirmou Victor Carna\u00faba, Diretor de Arboriza\u00e7\u00e3o e \u00c1reas Verdes da Sudes.<\/p>\n\n\n\n<p>As atividades ter\u00e3o in\u00edcio \u00e0s 08h e ir\u00e3o at\u00e9 as 13h. Para mais informa\u00e7\u00f5es sobre os parques, a Sudes disponibiliza o n\u00famero 98801-3651. Tamb\u00e9m \u00e9 poss\u00edvel pedir informa\u00e7\u00f5es pelo instagram do Parque Municipal (@parquemunicipaldemaceio) e do Parque do Horto (@parquedohorto).<\/p>\n\n\n\n<p>Alexandre Vieira \/ Ascom Sudes<\/p>\n","protected":false},"excerpt":{"rendered":"<p>O Dia Internacional da Mulher \u00e9 celebrado no dia 8 de Mar\u00e7o, e a Prefeitura de Macei\u00f3,<\/p>\n","protected":false},"author":1,"featured_media":5570,"comment_status":"open","ping_status":"open","sticky":false,"template":"","format":"standard","meta":{"footnotes":""},"categories":[5],"tags":[],"class_list":["post-14100","post","type-post","status-publish","format-standard","has-post-thumbnail","hentry","category-maceio"],"_links":{"self":[{"href":"https:\/\/4cantosalagoas.com.br\/portal\/wp-json\/wp\/v2\/posts\/14100","targetHints":{"allow":["GET"]}}],"collection":[{"href":"https:\/\/4cantosalagoas.com.br\/portal\/wp-json\/wp\/v2\/posts"}],"about":[{"href":"https:\/\/4cantosalagoas.com.br\/portal\/wp-json\/wp\/v2\/types\/post"}],"author":[{"embeddable":true,"href":"https:\/\/4cantosalagoas.com.br\/portal\/wp-json\/wp\/v2\/users\/1"}],"replies":[{"embeddable":true,"href":"https:\/\/4cantosalagoas.com.br\/portal\/wp-json\/wp\/v2\/comments?post=14100"}],"version-history":[{"count":1,"href":"https:\/\/4cantosalagoas.com.br\/portal\/wp-json\/wp\/v2\/posts\/14100\/revisions"}],"predecessor-version":[{"id":14101,"href":"https:\/\/4cantosalagoas.com.br\/portal\/wp-json\/wp\/v2\/posts\/14100\/revisions\/14101"}],"wp:featuredmedia":[{"embeddable":true,"href":"https:\/\/4cantosalagoas.com.br\/portal\/wp-json\/wp\/v2\/media\/5570"}],"wp:attachment":[{"href":"https:\/\/4cantosalagoas.com.br\/portal\/wp-json\/wp\/v2\/media?parent=14100"}],"wp:term":[{"taxonomy":"category","embeddable":true,"href":"https:\/\/4cantosalagoas.com.br\/portal\/wp-json\/wp\/v2\/categories?post=14100"},{"taxonomy":"post_tag","embeddable":true,"href":"https:\/\/4cantosalagoas.com.br\/portal\/wp-json\/wp\/v2\/tags?post=14100"}],"curies":[{"name":"wp","href":"https:\/\/api.w.org\/{rel}","templated":true}]}}