{"id":14018,"date":"2021-02-24T09:06:01","date_gmt":"2021-02-24T12:06:01","guid":{"rendered":"http:\/\/4cantosalagoas.com.br\/portal\/?p=14018"},"modified":"2021-02-24T09:06:06","modified_gmt":"2021-02-24T12:06:06","slug":"policia-flagra-crimes-apreende-materiais-ilicitos-e-detem-suspeitos","status":"publish","type":"post","link":"https:\/\/4cantosalagoas.com.br\/portal\/policia-flagra-crimes-apreende-materiais-ilicitos-e-detem-suspeitos\/","title":{"rendered":"Pol\u00edcia flagra crimes, apreende materiais il\u00edcitos e det\u00e9m suspeitos"},"content":{"rendered":"\n<figure class=\"wp-block-image\"><img fetchpriority=\"high\" decoding=\"async\" width=\"600\" height=\"701\" src=\"http:\/\/4cantosalagoas.com.br\/portal\/wp-content\/uploads\/2021\/02\/295fdc87d658f559ef2cffb7fe8f65ee_L.jpg\" alt=\"\" class=\"wp-image-14019\" srcset=\"https:\/\/4cantosalagoas.com.br\/portal\/wp-content\/uploads\/2021\/02\/295fdc87d658f559ef2cffb7fe8f65ee_L.jpg 600w, https:\/\/4cantosalagoas.com.br\/portal\/wp-content\/uploads\/2021\/02\/295fdc87d658f559ef2cffb7fe8f65ee_L-257x300.jpg 257w\" sizes=\"(max-width: 600px) 100vw, 600px\" \/><figcaption> <br><br>Arma e itens subtra\u00eddos de dois estabelecimentos comerciais foram apreendidos <\/figcaption><\/figure>\n\n\n\n<p>Dois homens foram presos e uma motocicleta e um rev\u00f3lver calibre 38 foram apreendidos pelo 9\u00ba Batalh\u00e3o de Pol\u00edcia Militar (BPM). O fato ocorreu na manh\u00e3 desta ter\u00e7a-feira (23) na BR-316, na Zona Rural do munic\u00edpio de Canapi. Os Grupamentos de Pol\u00edcia Militar (GPMs)&nbsp;de Inhapi e de Canapi atuaram na ocorr\u00eancia.<\/p>\n\n\n\n<p>Dois indiv\u00edduos que teriam acabado de assaltar um posto de combust\u00edveis e um mercado em Canapi estavam em deslocamento sentido munic\u00edpio de Inhapi. Com esta informa\u00e7\u00e3o, as equipes dos dois GPMs atuaram no caso. Os dois foram localizados, abordados e com eles havia R$ 1.916,00, tr\u00eas celulares e um rev\u00f3lver calibre 38, al\u00e9m da moto Honda Falcon nas cores preta e prata. A dupla foi conduzida para a delegacia de Pol\u00edcia Civil em Delmiro Gouveia para realiza\u00e7\u00e3o dos procedimentos cab\u00edveis.<\/p>\n\n\n\n<p>J\u00e1 em Mata Grande, tamb\u00e9m na manh\u00e3 de ter\u00e7a, militares de servi\u00e7o no Centro Integrado de Seguran\u00e7a P\u00fablica (CISP), prenderam um suspeito do sexo masculino, de 29 anos de idade e, com ele, apreenderam um rev\u00f3lver calibre 38 com quatro muni\u00e7\u00f5es. O fato ocorreu no&nbsp;S\u00edtio Lagoa do Copo, Zona Rural do munic\u00edpio.<\/p>\n\n\n\n<figure class=\"wp-block-image\"><img decoding=\"async\" src=\"http:\/\/www.pm.al.gov.br\/images\/2021\/02_Fevereiro\/16_a_28-02\/23-02-20219bpm1.jpg\" alt=\"23 02 20219bpm1\"\/><\/figure>\n\n\n\n<p>A guarni\u00e7\u00e3o foi procurada por um homem que se apresentou como v\u00edtima. relatando que o autor proferiu amea\u00e7as e efetuou disparos contra a sua resid\u00eancia. No endere\u00e7o do suspeito foi constatado que ele havia amea\u00e7ado uma segunda v\u00edtima, al\u00e9m da primeira. O suspeito entregou a arma e confessou os crimes. Ele foi detido e levado para o CISP de Ouro Branco e foi apresentado \u00e0 Pol\u00edcia Civil.<\/p>\n\n\n\n<p><strong>1\u00aa CPM\/I<\/strong><\/p>\n\n\n\n<p>As guarni\u00e7\u00f5es Pelopes 01 e 02 da 1\u00aa Companhia de Pol\u00edcia Militar Independente (CPM\/I) prenderam uma dupla suspeita de furtar itens de uma loja em S\u00e3o Miguel dos Campos. Com os dois indiv\u00edduos do sexo masculino (de idades 19 e de 38 anos), os policiais apreenderam: uma moto Honda CG Fan 160 Start de cor cinza e sem placa, 12 rel\u00f3gios, quatro pulseiras e quatro correntes de prata e sete camisas.<\/p>\n\n\n\n<figure class=\"wp-block-image\"><img decoding=\"async\" src=\"http:\/\/www.pm.al.gov.br\/images\/2021\/02_Fevereiro\/16_a_28-02\/23-02-20211cpmi.jpg\" alt=\"23 02 20211cpmi\"\/><\/figure>\n\n\n\n<p>O furto ocorreu na madrugada de segunda-feira (22), mas por volta de 18h, enquanto patrulhavam na BR 101, as equipes reconheceram um dos autores que aparecia nas imagens de circuito interno da loja. Ele estava acompanhado de outro homem em uma moto sem placa. Eles foram abordados, confirmaram participa\u00e7\u00e3o no crime e indicaram o esconderijo dos objetos. A dupla, a moto utilizada no furto e os produtos recuperados foram encaminhado \u00e0 6\u00b0 DRP para os devidos procedimentos.<\/p>\n\n\n\n<p><strong>4\u00b0 CPM\/I<\/strong><\/p>\n\n\n\n<p>J\u00e1 em Cajueiro, por volta de 22h de segunda, as guarni\u00e7\u00f5es do Pelopes da 4\u00aa CPM\/I estavam em patrulhamento quando foram acionadas por um indiv\u00edduo dizendo que tinha acabado de ser assaltado e levaram sua motocicleta (Honda CG Titan 150). Enquanto seguiam as buscas pelos autores, os militares foram informados sobre um acidente envolvendo dois indiv\u00edduos em uma motocicleta. Uma das guarni\u00e7\u00f5es se dirigiu ao hospital e localizou o suspeito ferido, enquanto a outra foi ao local do acidente realizar buscas no per\u00edmetro e recolher a moto.<\/p>\n\n\n\n<figure class=\"wp-block-image\"><img decoding=\"async\" src=\"http:\/\/www.pm.al.gov.br\/images\/2021\/02_Fevereiro\/16_a_28-02\/23-02-20214cpmi.jpg\" alt=\"23 02 20214cpmi\"\/><\/figure>\n\n\n\n<p>Um dos indiv\u00edduos, de 30 anos de idade, foi identificado e encaminhado para a delegacia em Uni\u00e3o dos Palmares, onde foram realizados os procedimentos cab\u00edveis, enquanto o outro (identificado e dado ci\u00eancia \u00e0 Pol\u00edcia Civil) foi encaminhado ao Hospital Geral do Estado (HGE).<\/p>\n\n\n\n<p>Assessoria<\/p>\n","protected":false},"excerpt":{"rendered":"<p>Dois homens foram presos e uma motocicleta e um rev\u00f3lver calibre 38 foram apreendidos pelo 9\u00ba Batalh\u00e3o<\/p>\n","protected":false},"author":1,"featured_media":14019,"comment_status":"open","ping_status":"open","sticky":false,"template":"","format":"standard","meta":{"footnotes":""},"categories":[60],"tags":[],"class_list":["post-14018","post","type-post","status-publish","format-standard","has-post-thumbnail","hentry","category-capa"],"_links":{"self":[{"href":"https:\/\/4cantosalagoas.com.br\/portal\/wp-json\/wp\/v2\/posts\/14018","targetHints":{"allow":["GET"]}}],"collection":[{"href":"https:\/\/4cantosalagoas.com.br\/portal\/wp-json\/wp\/v2\/posts"}],"about":[{"href":"https:\/\/4cantosalagoas.com.br\/portal\/wp-json\/wp\/v2\/types\/post"}],"author":[{"embeddable":true,"href":"https:\/\/4cantosalagoas.com.br\/portal\/wp-json\/wp\/v2\/users\/1"}],"replies":[{"embeddable":true,"href":"https:\/\/4cantosalagoas.com.br\/portal\/wp-json\/wp\/v2\/comments?post=14018"}],"version-history":[{"count":1,"href":"https:\/\/4cantosalagoas.com.br\/portal\/wp-json\/wp\/v2\/posts\/14018\/revisions"}],"predecessor-version":[{"id":14020,"href":"https:\/\/4cantosalagoas.com.br\/portal\/wp-json\/wp\/v2\/posts\/14018\/revisions\/14020"}],"wp:featuredmedia":[{"embeddable":true,"href":"https:\/\/4cantosalagoas.com.br\/portal\/wp-json\/wp\/v2\/media\/14019"}],"wp:attachment":[{"href":"https:\/\/4cantosalagoas.com.br\/portal\/wp-json\/wp\/v2\/media?parent=14018"}],"wp:term":[{"taxonomy":"category","embeddable":true,"href":"https:\/\/4cantosalagoas.com.br\/portal\/wp-json\/wp\/v2\/categories?post=14018"},{"taxonomy":"post_tag","embeddable":true,"href":"https:\/\/4cantosalagoas.com.br\/portal\/wp-json\/wp\/v2\/tags?post=14018"}],"curies":[{"name":"wp","href":"https:\/\/api.w.org\/{rel}","templated":true}]}}