{"id":13982,"date":"2021-02-19T18:35:23","date_gmt":"2021-02-19T21:35:23","guid":{"rendered":"http:\/\/4cantosalagoas.com.br\/portal\/?p=13982"},"modified":"2021-02-22T08:16:10","modified_gmt":"2021-02-22T11:16:10","slug":"muito-sol-tempo-seco-e-altas-temperaturas-em-alagoas-confira-a-previsao-do-tempo-deste-fim-de-semana","status":"publish","type":"post","link":"https:\/\/4cantosalagoas.com.br\/portal\/muito-sol-tempo-seco-e-altas-temperaturas-em-alagoas-confira-a-previsao-do-tempo-deste-fim-de-semana\/","title":{"rendered":"Muito sol, tempo seco e altas temperaturas em Alagoas; Confira a previs\u00e3o do tempo deste fim de semana"},"content":{"rendered":"\n<figure class=\"wp-block-image\"><img fetchpriority=\"high\" decoding=\"async\" width=\"1275\" height=\"792\" src=\"https:\/\/i2.wp.com\/4cantosalagoas.com.br\/portal\/wp-content\/uploads\/2021\/02\/Capturar-1.jpg?fit=1024%2C636\" alt=\"\" class=\"wp-image-13983\" srcset=\"https:\/\/4cantosalagoas.com.br\/portal\/wp-content\/uploads\/2021\/02\/Capturar-1.jpg 1275w, https:\/\/4cantosalagoas.com.br\/portal\/wp-content\/uploads\/2021\/02\/Capturar-1-300x186.jpg 300w, https:\/\/4cantosalagoas.com.br\/portal\/wp-content\/uploads\/2021\/02\/Capturar-1-768x477.jpg 768w, https:\/\/4cantosalagoas.com.br\/portal\/wp-content\/uploads\/2021\/02\/Capturar-1-1024x636.jpg 1024w\" sizes=\"(max-width: 1275px) 100vw, 1275px\" \/><figcaption>Assessoria<\/figcaption><\/figure>\n\n\n\n<p>Sol, calor e tempo seco marcam esse fim de semana de ver\u00e3o aqui no Estado. \u00c9 o que aponta a previs\u00e3o do tempo divulgada pela Sala de Alerta da Secretaria de Estado do Meio Ambiente e dos Recursos H\u00eddricos (Semarh) nesta sexta-feira (19).<\/p>\n\n\n\n<p>Ainda nesta sexta, o sol predomina em todas as regi\u00f5es do Estado. Em Macei\u00f3 e Litoral, temperaturas variam entre 24\u00b0C de m\u00ednima e 31\u00b0C de m\u00e1xima. No Sert\u00e3o e Sert\u00e3o do S\u00e3o Francisco, 20\u00b0C e 36\u00b0C.<\/p>\n\n\n\n<p>No s\u00e1bado (20), uma massa de ar deve deixar o tempo bastante seco e com muito sol em toda Alagoas. No Agreste, Baixo S\u00e3o Francisco e Zona da Mata, term\u00f4metros atingem 22\u00b0C de m\u00ednima e 33\u00b0C de m\u00e1xima.<\/p>\n\n\n\n<p>No domingo (21), o tempo se mant\u00e9m o mesmo devido \u00e0 influ\u00eancia desta massa de ar, tempo seco e ensolarado. No final do dia, possibilidade de chuva r\u00e1pida e de curta dura\u00e7\u00e3o, principalmente no Litoral norte do Estado. Na Capital e Litoral, 24\u00b0C e 32\u00b0C, Agreste e Zona da Mata, 22\u00b0C e 34\u00b0C, e Sert\u00e3o,<\/p>\n\n\n\n<p>20\u00b0C e 36\u00b0C.<\/p>\n\n\n\n<p>A previs\u00e3o do tempo pode ser acompanhada diariamente em&nbsp;<a rel=\"noreferrer noopener\" href=\"http:\/\/www.semarh.al.gov.br\/\" target=\"_blank\">www.semarh.al.gov.br<\/a>&nbsp;e no aplicativo \u201cSemarh Tempo Alagoas\u201d dispon\u00edvel para a plataforma android e iOS.<\/p>\n\n\n\n<p>Assessoria<\/p>\n","protected":false},"excerpt":{"rendered":"<p>Sol, calor e tempo seco marcam esse fim de semana de ver\u00e3o aqui no Estado. \u00c9 o<\/p>\n","protected":false},"author":1,"featured_media":13983,"comment_status":"open","ping_status":"open","sticky":false,"template":"","format":"standard","meta":{"footnotes":""},"categories":[4],"tags":[],"class_list":["post-13982","post","type-post","status-publish","format-standard","has-post-thumbnail","hentry","category-noticias"],"_links":{"self":[{"href":"https:\/\/4cantosalagoas.com.br\/portal\/wp-json\/wp\/v2\/posts\/13982","targetHints":{"allow":["GET"]}}],"collection":[{"href":"https:\/\/4cantosalagoas.com.br\/portal\/wp-json\/wp\/v2\/posts"}],"about":[{"href":"https:\/\/4cantosalagoas.com.br\/portal\/wp-json\/wp\/v2\/types\/post"}],"author":[{"embeddable":true,"href":"https:\/\/4cantosalagoas.com.br\/portal\/wp-json\/wp\/v2\/users\/1"}],"replies":[{"embeddable":true,"href":"https:\/\/4cantosalagoas.com.br\/portal\/wp-json\/wp\/v2\/comments?post=13982"}],"version-history":[{"count":2,"href":"https:\/\/4cantosalagoas.com.br\/portal\/wp-json\/wp\/v2\/posts\/13982\/revisions"}],"predecessor-version":[{"id":13993,"href":"https:\/\/4cantosalagoas.com.br\/portal\/wp-json\/wp\/v2\/posts\/13982\/revisions\/13993"}],"wp:featuredmedia":[{"embeddable":true,"href":"https:\/\/4cantosalagoas.com.br\/portal\/wp-json\/wp\/v2\/media\/13983"}],"wp:attachment":[{"href":"https:\/\/4cantosalagoas.com.br\/portal\/wp-json\/wp\/v2\/media?parent=13982"}],"wp:term":[{"taxonomy":"category","embeddable":true,"href":"https:\/\/4cantosalagoas.com.br\/portal\/wp-json\/wp\/v2\/categories?post=13982"},{"taxonomy":"post_tag","embeddable":true,"href":"https:\/\/4cantosalagoas.com.br\/portal\/wp-json\/wp\/v2\/tags?post=13982"}],"curies":[{"name":"wp","href":"https:\/\/api.w.org\/{rel}","templated":true}]}}