{"id":13937,"date":"2021-02-12T19:01:01","date_gmt":"2021-02-12T22:01:01","guid":{"rendered":"http:\/\/4cantosalagoas.com.br\/portal\/?p=13937"},"modified":"2021-02-12T19:01:06","modified_gmt":"2021-02-12T22:01:06","slug":"deic-prende-homem-por-homicidio-cometido-em-pernambuco","status":"publish","type":"post","link":"https:\/\/4cantosalagoas.com.br\/portal\/deic-prende-homem-por-homicidio-cometido-em-pernambuco\/","title":{"rendered":"Deic prende homem por homic\u00eddio cometido em Pernambuco"},"content":{"rendered":"\n<figure class=\"wp-block-image\"><img fetchpriority=\"high\" decoding=\"async\" width=\"750\" height=\"450\" src=\"http:\/\/4cantosalagoas.com.br\/portal\/wp-content\/uploads\/2020\/09\/Deic_banner_padr\u00e3o_novo.thumbnail.jpg\" alt=\"\" class=\"wp-image-12542\" srcset=\"https:\/\/4cantosalagoas.com.br\/portal\/wp-content\/uploads\/2020\/09\/Deic_banner_padr\u00e3o_novo.thumbnail.jpg 750w, https:\/\/4cantosalagoas.com.br\/portal\/wp-content\/uploads\/2020\/09\/Deic_banner_padr\u00e3o_novo.thumbnail-300x180.jpg 300w\" sizes=\"(max-width: 750px) 100vw, 750px\" \/><figcaption>Assessoria<\/figcaption><\/figure>\n\n\n\n<p>Policiais civis da Se\u00e7\u00e3o de Capturas, da Divis\u00e3o Especial de Investiga\u00e7\u00e3o e Capturas (Deic), da PCAL, sob coordena\u00e7\u00e3o do delegado Gustavo Xavier, prenderam nesta sexta-feira (12) um homem acusado de ter assassinado uma pessoa&nbsp;no interior de Pernambuco.<\/p>\n\n\n\n<p>Ele foi preso na pr\u00f3pria resid\u00eancia, localizada no bairro da Serraria, na Capital, em cumprimento a mandado de pris\u00e3o, por meio de Carta precat\u00f3ria, expedida pela 3\u00aa Vara Criminal da Capital.<\/p>\n\n\n\n<p>De acordo com o delegado, o preso matou Jos\u00e9 Claudio de Lima Pereira com v\u00e1rios tiros, em um bar localizado no munic\u00edpio de Lajedo, em Pernambuco, em 3 de agosto de 2018, por volta das 20 horas.<\/p>\n\n\n\n<p>Segundo o Minist\u00e9rio P\u00fablico de Pernambuco, trata-se de crime hediondo, de seria gravidade,&nbsp; eivado de futilidade.<\/p>\n\n\n\n<p>Diante dos fatos\u00a0o ju\u00edz da Comarca de Lajedo (PE) decretou a pris\u00e3o preventiva do acusado, com base no artigo 121 , II, IV, par\u00e1grafo 2\u00ba, do C\u00f3digo Penal.<\/p>\n\n\n\n<p>Assessoria<\/p>\n","protected":false},"excerpt":{"rendered":"<p>Policiais civis da Se\u00e7\u00e3o de Capturas, da Divis\u00e3o Especial de Investiga\u00e7\u00e3o e Capturas (Deic), da PCAL, sob<\/p>\n","protected":false},"author":1,"featured_media":12542,"comment_status":"open","ping_status":"open","sticky":false,"template":"","format":"standard","meta":{"footnotes":""},"categories":[11],"tags":[],"class_list":["post-13937","post","type-post","status-publish","format-standard","has-post-thumbnail","hentry","category-policia"],"_links":{"self":[{"href":"https:\/\/4cantosalagoas.com.br\/portal\/wp-json\/wp\/v2\/posts\/13937","targetHints":{"allow":["GET"]}}],"collection":[{"href":"https:\/\/4cantosalagoas.com.br\/portal\/wp-json\/wp\/v2\/posts"}],"about":[{"href":"https:\/\/4cantosalagoas.com.br\/portal\/wp-json\/wp\/v2\/types\/post"}],"author":[{"embeddable":true,"href":"https:\/\/4cantosalagoas.com.br\/portal\/wp-json\/wp\/v2\/users\/1"}],"replies":[{"embeddable":true,"href":"https:\/\/4cantosalagoas.com.br\/portal\/wp-json\/wp\/v2\/comments?post=13937"}],"version-history":[{"count":1,"href":"https:\/\/4cantosalagoas.com.br\/portal\/wp-json\/wp\/v2\/posts\/13937\/revisions"}],"predecessor-version":[{"id":13938,"href":"https:\/\/4cantosalagoas.com.br\/portal\/wp-json\/wp\/v2\/posts\/13937\/revisions\/13938"}],"wp:featuredmedia":[{"embeddable":true,"href":"https:\/\/4cantosalagoas.com.br\/portal\/wp-json\/wp\/v2\/media\/12542"}],"wp:attachment":[{"href":"https:\/\/4cantosalagoas.com.br\/portal\/wp-json\/wp\/v2\/media?parent=13937"}],"wp:term":[{"taxonomy":"category","embeddable":true,"href":"https:\/\/4cantosalagoas.com.br\/portal\/wp-json\/wp\/v2\/categories?post=13937"},{"taxonomy":"post_tag","embeddable":true,"href":"https:\/\/4cantosalagoas.com.br\/portal\/wp-json\/wp\/v2\/tags?post=13937"}],"curies":[{"name":"wp","href":"https:\/\/api.w.org\/{rel}","templated":true}]}}