{"id":13922,"date":"2021-02-12T06:21:55","date_gmt":"2021-02-12T09:21:55","guid":{"rendered":"http:\/\/4cantosalagoas.com.br\/portal\/?p=13922"},"modified":"2021-02-12T06:21:59","modified_gmt":"2021-02-12T09:21:59","slug":"bebe-de-um-mes-de-vida-se-recupera-da-covid-19-no-hospital-da-mulher","status":"publish","type":"post","link":"https:\/\/4cantosalagoas.com.br\/portal\/bebe-de-um-mes-de-vida-se-recupera-da-covid-19-no-hospital-da-mulher\/","title":{"rendered":"Beb\u00ea de um m\u00eas de vida se recupera da Covid-19 no Hospital da Mulher"},"content":{"rendered":"\n<figure class=\"wp-block-image\"><img fetchpriority=\"high\" decoding=\"async\" width=\"600\" height=\"450\" src=\"http:\/\/4cantosalagoas.com.br\/portal\/wp-content\/uploads\/2021\/02\/19.jpg\" alt=\"\" class=\"wp-image-13923\" srcset=\"https:\/\/4cantosalagoas.com.br\/portal\/wp-content\/uploads\/2021\/02\/19.jpg 600w, https:\/\/4cantosalagoas.com.br\/portal\/wp-content\/uploads\/2021\/02\/19-300x225.jpg 300w\" sizes=\"(max-width: 600px) 100vw, 600px\" \/><figcaption> <br>Anne deixou o Hospital da Mulher nesta quinta-feira_ Foto\/<em>Marcel Vital<\/em> <\/figcaption><\/figure>\n\n\n\n<p>Uma hist\u00f3ria de supera\u00e7\u00e3o que emocionou a equipe multidisciplinar da Unidade de Terapia Intensiva (UTI) Neonatal e Pedi\u00e1trica do Hospital da Mulher (HM), localizado no bairro Po\u00e7o, em Macei\u00f3. Diagnosticada com a doen\u00e7a causada pelo novo coronav\u00edrus, a pequena Anne Karolayne, de apenas um m\u00eas de vida, sobreviveu \u00e0 Covid-19, ap\u00f3s 19 dias internada.<\/p>\n\n\n\n<p>A pequena Anne nasceu de parto ces\u00e1reo, com 33 semanas de gesta\u00e7\u00e3o, em 6 de janeiro, na maternidade do Hospital Universit\u00e1rio (HU) de Macei\u00f3, pesando 1 quilo e 950 gramas e medindo 46 cent\u00edmetros. Com poucos dias ap\u00f3s ter recebido alta m\u00e9dica, a crian\u00e7a come\u00e7ou a apresentar cansa\u00e7o e tosse, sintomas relacionados \u00e0 Covid-19.<\/p>\n\n\n\n<p>Contudo, sua m\u00e3e, Cristine de Paula da Silva, de 33 anos, n\u00e3o se queixava de nenhum desconforto em seu corpo. Conforme os dias iam passando, os sintomas de Anne iam aumentando, dando lugar \u00e0 fraqueza e ao tom de pele azulada, geralmente devido \u00e0 falta de oxig\u00eanio no sangue.<\/p>\n\n\n\n<p>Naturais de Messias, munic\u00edpio alagoano distante 37 quil\u00f4metros da capital, os pais de Anne, bastante preocupados, resolveram buscar assist\u00eancia m\u00e9dica. Todavia, precisaram peregrinar por diversos locais em busca de um atendimento humanizado. Num per\u00edodo de seis horas, na tarde do dia 22 de janeiro, uma sexta-feira, eles tiveram que passar em sete lugares at\u00e9 chegar ao HM.<\/p>\n\n\n\n<p>J\u00e1 no hospital, com apenas 16 dias de vida, Anne precisou ficar sob ventila\u00e7\u00e3o n\u00e3o-invasiva. Essa modalidade, conhecida como VNI, consiste em um m\u00e9todo para ajudar na respira\u00e7\u00e3o do paciente, atrav\u00e9s de aparelhos que n\u00e3o s\u00e3o introduzidos no sistema respirat\u00f3rio.<\/p>\n\n\n\n<p>De acordo com a pediatra da UTI Neonatal do HM, Crisandra Fonseca, ap\u00f3s 48 horas de internamento, o quadro de sa\u00fade de Anne piorou e ela precisou ser intubada. \u201cAnne chegou est\u00e1vel, ficou com o suporte de oxig\u00eanio, mas, depois de 48 horas, o seu aparelho respirat\u00f3rio come\u00e7ou a apresentar dificuldade, fazendo com que a equipe multidisciplinar optasse pela intuba\u00e7\u00e3o, a fim de salvar a vida dela. Ela foi uma grande guerreira durante todos esses dias. Ficamos felizes por ela ter vencido essa batalha\u201d, comemorou.<\/p>\n\n\n\n<p>Conforme a fisioterapeuta An\u00e1lia Maria Cavalcante, \u201cAnne desenvolveu um quadro muito comum nos adultos, que a S\u00edndrome Respirat\u00f3ria Aguda Grave [SRAG], onde o pulm\u00e3o dela ficou totalmente infiltrado\u201d, destacou. Para a enfermeira Sidnicleia Bezerra, ver a beb\u00ea recuperada \u00e9 gratificante, \u201cprincipalmente porque ela n\u00e3o apresentou sequelas\u201d, salientou.<\/p>\n\n\n\n<p>Emocionado, o pai da crian\u00e7a, Givanildo Santos da Silva, de 37 anos, foi s\u00f3 elogios ao tratamento humanizado que sua filha recebeu da equipe multidisciplinar do HM. \u201cO atendimento dos profissionais foi excelente. Se n\u00e3o fosse essa equipe maravilhosa, a minha filha n\u00e3o teria sobrevivido a essa doen\u00e7a. Obrigado, de cora\u00e7\u00e3o!\u201d, agradeceu.<\/p>\n\n\n\n<p>Assessoria<\/p>\n","protected":false},"excerpt":{"rendered":"<p>Uma hist\u00f3ria de supera\u00e7\u00e3o que emocionou a equipe multidisciplinar da Unidade de Terapia Intensiva (UTI) Neonatal e<\/p>\n","protected":false},"author":1,"featured_media":13923,"comment_status":"open","ping_status":"open","sticky":false,"template":"","format":"standard","meta":{"footnotes":""},"categories":[60],"tags":[],"class_list":["post-13922","post","type-post","status-publish","format-standard","has-post-thumbnail","hentry","category-capa"],"_links":{"self":[{"href":"https:\/\/4cantosalagoas.com.br\/portal\/wp-json\/wp\/v2\/posts\/13922","targetHints":{"allow":["GET"]}}],"collection":[{"href":"https:\/\/4cantosalagoas.com.br\/portal\/wp-json\/wp\/v2\/posts"}],"about":[{"href":"https:\/\/4cantosalagoas.com.br\/portal\/wp-json\/wp\/v2\/types\/post"}],"author":[{"embeddable":true,"href":"https:\/\/4cantosalagoas.com.br\/portal\/wp-json\/wp\/v2\/users\/1"}],"replies":[{"embeddable":true,"href":"https:\/\/4cantosalagoas.com.br\/portal\/wp-json\/wp\/v2\/comments?post=13922"}],"version-history":[{"count":1,"href":"https:\/\/4cantosalagoas.com.br\/portal\/wp-json\/wp\/v2\/posts\/13922\/revisions"}],"predecessor-version":[{"id":13924,"href":"https:\/\/4cantosalagoas.com.br\/portal\/wp-json\/wp\/v2\/posts\/13922\/revisions\/13924"}],"wp:featuredmedia":[{"embeddable":true,"href":"https:\/\/4cantosalagoas.com.br\/portal\/wp-json\/wp\/v2\/media\/13923"}],"wp:attachment":[{"href":"https:\/\/4cantosalagoas.com.br\/portal\/wp-json\/wp\/v2\/media?parent=13922"}],"wp:term":[{"taxonomy":"category","embeddable":true,"href":"https:\/\/4cantosalagoas.com.br\/portal\/wp-json\/wp\/v2\/categories?post=13922"},{"taxonomy":"post_tag","embeddable":true,"href":"https:\/\/4cantosalagoas.com.br\/portal\/wp-json\/wp\/v2\/tags?post=13922"}],"curies":[{"name":"wp","href":"https:\/\/api.w.org\/{rel}","templated":true}]}}