{"id":13914,"date":"2021-02-11T07:46:58","date_gmt":"2021-02-11T10:46:58","guid":{"rendered":"http:\/\/4cantosalagoas.com.br\/portal\/?p=13914"},"modified":"2021-02-11T07:47:03","modified_gmt":"2021-02-11T10:47:03","slug":"inquerito-policial-apura-injuria-racial-contra-jovens","status":"publish","type":"post","link":"https:\/\/4cantosalagoas.com.br\/portal\/inquerito-policial-apura-injuria-racial-contra-jovens\/","title":{"rendered":"Inqu\u00e9rito policial apura inj\u00faria racial contra jovens"},"content":{"rendered":"\n<figure class=\"wp-block-image\"><img fetchpriority=\"high\" decoding=\"async\" width=\"512\" height=\"341\" src=\"http:\/\/4cantosalagoas.com.br\/portal\/wp-content\/uploads\/2021\/02\/16.jpg\" alt=\"\" class=\"wp-image-13915\" srcset=\"https:\/\/4cantosalagoas.com.br\/portal\/wp-content\/uploads\/2021\/02\/16.jpg 512w, https:\/\/4cantosalagoas.com.br\/portal\/wp-content\/uploads\/2021\/02\/16-300x200.jpg 300w\" sizes=\"(max-width: 512px) 100vw, 512px\" \/><figcaption>Assessoria<\/figcaption><\/figure>\n\n\n\n<p>A Pol\u00edcia Civil por meio do 6\u00baDistrito Policial (6\u00baDP) instaurou inqu\u00e9rito para investigar a den\u00fancia de inj\u00faria racial e homofobia cometida contra tr\u00eas jovens, dois homens e uma mulher, em uma&nbsp;loja localizada no bairro de Cruz das Almas, em Macei\u00f3.<\/p>\n\n\n\n<p>O caso ocorreu no dia 14 de dezembro e o boletim de ocorr\u00eancia foi registrado no dia 27 de janeiro, ap\u00f3s as v\u00edtimas constitu\u00edrem advogado, que ingressou com uma representa\u00e7\u00e3o contra loja.<\/p>\n\n\n\n<p>De acordo com as informa\u00e7\u00f5es passadas pelo advogado das v\u00edtimas ao delegado Robervaldo Davino, titular do 6\u00baDP, os jovens foram abordados de forma r\u00edspida e desrespeitosa pelo seguran\u00e7a da loja, chegando a serem acusados de furto. Foram revistados no setor de carga e descarga do estabelecimento e tiveram as bolsas abertas, mas nada foi encontrado.<\/p>\n\n\n\n<p>\u201cInstauramos o inqu\u00e9rito e todos os envolvidos ser\u00e3o chamados para prestar depoimento na unidade policial a fim de esclarecer o fato. O depoimento do gerente da empresa ser\u00e1 nesta quinta-feira (11), e iremos solicitar as imagens do epis\u00f3dio&#8221; disse Robervaldo Davino<\/p>\n\n\n\n<p>Assessoria.<\/p>\n","protected":false},"excerpt":{"rendered":"<p>A Pol\u00edcia Civil por meio do 6\u00baDistrito Policial (6\u00baDP) instaurou inqu\u00e9rito para investigar a den\u00fancia de inj\u00faria<\/p>\n","protected":false},"author":1,"featured_media":13915,"comment_status":"open","ping_status":"open","sticky":false,"template":"","format":"standard","meta":{"footnotes":""},"categories":[11],"tags":[],"class_list":["post-13914","post","type-post","status-publish","format-standard","has-post-thumbnail","hentry","category-policia"],"_links":{"self":[{"href":"https:\/\/4cantosalagoas.com.br\/portal\/wp-json\/wp\/v2\/posts\/13914","targetHints":{"allow":["GET"]}}],"collection":[{"href":"https:\/\/4cantosalagoas.com.br\/portal\/wp-json\/wp\/v2\/posts"}],"about":[{"href":"https:\/\/4cantosalagoas.com.br\/portal\/wp-json\/wp\/v2\/types\/post"}],"author":[{"embeddable":true,"href":"https:\/\/4cantosalagoas.com.br\/portal\/wp-json\/wp\/v2\/users\/1"}],"replies":[{"embeddable":true,"href":"https:\/\/4cantosalagoas.com.br\/portal\/wp-json\/wp\/v2\/comments?post=13914"}],"version-history":[{"count":1,"href":"https:\/\/4cantosalagoas.com.br\/portal\/wp-json\/wp\/v2\/posts\/13914\/revisions"}],"predecessor-version":[{"id":13916,"href":"https:\/\/4cantosalagoas.com.br\/portal\/wp-json\/wp\/v2\/posts\/13914\/revisions\/13916"}],"wp:featuredmedia":[{"embeddable":true,"href":"https:\/\/4cantosalagoas.com.br\/portal\/wp-json\/wp\/v2\/media\/13915"}],"wp:attachment":[{"href":"https:\/\/4cantosalagoas.com.br\/portal\/wp-json\/wp\/v2\/media?parent=13914"}],"wp:term":[{"taxonomy":"category","embeddable":true,"href":"https:\/\/4cantosalagoas.com.br\/portal\/wp-json\/wp\/v2\/categories?post=13914"},{"taxonomy":"post_tag","embeddable":true,"href":"https:\/\/4cantosalagoas.com.br\/portal\/wp-json\/wp\/v2\/tags?post=13914"}],"curies":[{"name":"wp","href":"https:\/\/api.w.org\/{rel}","templated":true}]}}