{"id":13912,"date":"2021-02-11T07:45:17","date_gmt":"2021-02-11T10:45:17","guid":{"rendered":"http:\/\/4cantosalagoas.com.br\/portal\/?p=13912"},"modified":"2021-02-11T07:45:23","modified_gmt":"2021-02-11T10:45:23","slug":"abre-e-fecha-confira-como-sera-o-funcionamento-do-comercio-durante-o-carnaval","status":"publish","type":"post","link":"https:\/\/4cantosalagoas.com.br\/portal\/abre-e-fecha-confira-como-sera-o-funcionamento-do-comercio-durante-o-carnaval\/","title":{"rendered":"Abre e fecha: Confira como ser\u00e1 o funcionamento do com\u00e9rcio durante o carnaval"},"content":{"rendered":"\n<figure class=\"wp-block-image\"><img fetchpriority=\"high\" decoding=\"async\" width=\"600\" height=\"450\" src=\"http:\/\/4cantosalagoas.com.br\/portal\/wp-content\/uploads\/2018\/05\/serr4.jpg\" alt=\"\" class=\"wp-image-3363\" srcset=\"https:\/\/4cantosalagoas.com.br\/portal\/wp-content\/uploads\/2018\/05\/serr4.jpg 600w, https:\/\/4cantosalagoas.com.br\/portal\/wp-content\/uploads\/2018\/05\/serr4-300x225.jpg 300w, https:\/\/4cantosalagoas.com.br\/portal\/wp-content\/uploads\/2018\/05\/serr4-375x281.jpg 375w, https:\/\/4cantosalagoas.com.br\/portal\/wp-content\/uploads\/2018\/05\/serr4-465x349.jpg 465w\" sizes=\"(max-width: 600px) 100vw, 600px\" \/><figcaption>Fecom\u00e9rcio AL (@FecomercioAL) | Twitter<\/figcaption><\/figure>\n\n\n\n<p>Uma das festas mais populares do Brasil ter\u00e1 um colorido diferente neste ano de 2021. Devido \u00e0 pandemia e \u00e0 necessidade de evitar aglomera\u00e7\u00f5es, o Carnaval ser\u00e1 mais silencioso sem as tradicionais festividades de ruas e bailes de clubes. Como n\u00e3o \u00e9 um feriado nacional, sendo considerado ponto facultativo, a decis\u00e3o de manter ou n\u00e3o a festa de Momo fica a cargo das prefeituras. Em Macei\u00f3, o prefeito JHC anunciou o adiamento do Carnaval para o m\u00eas de setembro. Com isso, o funcionamento de com\u00e9rcio ser\u00e1 diferente no per\u00edodo, conforme informa a Federa\u00e7\u00e3o do Com\u00e9rcio de Bens, Servi\u00e7os e Turismo do Estado de Alagoas (Fecom\u00e9rcio AL). Confira:<\/p>\n\n\n\n<p><strong>CENTRO<\/strong>&nbsp;<strong>DE MACEI\u00d3&nbsp;<\/strong>\u2013 Conforme anunciado pela Alian\u00e7a Comercial, no pr\u00f3ximo s\u00e1bado (13), a abertura ser\u00e1 das 8h \u00e0s 13h, fechando no domingo (14) e reabrindo segunda-feira (15), das 8h \u00e0s 18h; mesmo hor\u00e1rio que ser\u00e1 adotado na ter\u00e7a-feira (16) e na Quarta-Feira de Cinzas (17).<\/p>\n\n\n\n<p><strong>MACEI\u00d3 SHOPPING &#8211;&nbsp;<\/strong>O estabelecimento adotar\u00e1 hor\u00e1rio especial durante o per\u00edodo carnavalesco. No s\u00e1bado (13), todas as lojas e pra\u00e7as de alimenta\u00e7\u00e3o funcionam das 10h \u00e0s 22h. J\u00e1 de 14 a 17, o shopping funcionar\u00e1 das 12h \u00e0s 21h, com lojas, estabelecimentos da pra\u00e7a de alimenta\u00e7\u00e3o e eventos \u00e0 disposi\u00e7\u00e3o do p\u00fablico.<\/p>\n\n\n\n<p><strong>SHOPPING PARQUE MACEI\u00d3 \u2013&nbsp;<\/strong>Abrir\u00e1 em hor\u00e1rio normal, das 10h \u00e0s 22h, no s\u00e1bado (13). Nos demais dias do per\u00edodo carnavalesco (de 14 a 17), o funcionamento ser\u00e1 das 12h \u00e0s 22h, enquanto o supermercado Unicompra abrir\u00e1 todos os dias das 8h \u00e0s 22h.<\/p>\n\n\n\n<p><strong>SHOPPING P\u00c1TIO MACEI\u00d3 \u2013&nbsp;<\/strong>O shopping da parte alta de Macei\u00f3 abrir\u00e1 das 10h \u00e0s 22h, no s\u00e1bado (13), e das 12h \u00e0s 21h, no domingo (14). De 15 a 17, o estabelecimento funcionar\u00e1 das 12h \u00e0s 22h.<\/p>\n\n\n\n<p><strong>SUPERMERCADOS \u2013&nbsp;<\/strong>Na capital, as grandes redes de supermercado manter\u00e3o o atendimento ao p\u00fablico. O Atacad\u00e3o abrir\u00e1 das 7h \u00e0s 22h no s\u00e1bado (13) e das 7h \u00e0s 18h no domingo (14). Do dia 15 a 17, a funcionamento voltar\u00e1 a ser das 7h \u00e0s 22h. O Palato Farol estar\u00e1 aberto das 7h \u00e0s 22h; Palato Parque das 7h \u00e0s 20h; e Palato Ponta Verde, 24h. As lojas do Unicompra abrir\u00e3o em hor\u00e1rio normal.<\/p>\n\n\n\n<p><strong>INTERIOR<\/strong><\/p>\n\n\n\n<p><strong>PALMEIRA DOS \u00cdNDIOS<\/strong>&nbsp;\u2013 O Sindilojas Palmeira comunica que, como carnaval n\u00e3o \u00e9 feriado, fica facultado aos empres\u00e1rios decidirem pela abertura ou n\u00e3o de seus estabelecimentos.<\/p>\n\n\n\n<p><strong>ARAPIRACA&nbsp;<\/strong>\u2013 Segundo informa o Sindilojas Arapiraca, nos dias 15 e 16, as&nbsp;empresas essenciais como supermercados, material de constru\u00e7\u00e3o, farm\u00e1cias e servi\u00e7os estar\u00e3o funcionando parcialmente. As n\u00e3o essenciais, mesmo n\u00e3o sendo feriado, em sua maioria estar\u00e3o fechadas. O com\u00e9rcio retornar\u00e1 \u00e0 normalidade na Quarta-Feira de Cinzas (17).<\/p>\n\n\n\n<p><strong>PENEDO&nbsp;<\/strong>\u2013 Em Penedo, o com\u00e9rcio estar\u00e1 fechado no per\u00edodo carnavalesco, como informou o Sindilojas Penedo. As lojas reabrir\u00e3o \u00e0s 12h da Quarta-Feira de Cinzas, permanecendo em atendimento at\u00e9 \u00e0s 18h.<\/p>\n\n\n\n<p><strong>UNI\u00c3O DOS PALMARES&nbsp;<\/strong>\u2013 O Sindilojas Uni\u00e3o dos Palmares comunica que, como carnaval n\u00e3o \u00e9 feriado, fica facultado aos empres\u00e1rios decidirem pela abertura ou n\u00e3o de seus estabelecimentos.<\/p>\n\n\n\n<p>A Fecom\u00e9rcio informa que os hor\u00e1rios de todos os estabelecimentos foram repassados pelas respectivas assessorias e entidades consultadas e ressalta a necessidade de continuar com os cuidados para evitar a propaga\u00e7\u00e3o do coronav\u00edrus. Por isso, a orienta\u00e7\u00e3o continua sendo a observa\u00e7\u00e3o do uso obrigat\u00f3rio de m\u00e1scara; a medi\u00e7\u00e3o da temperatura; a higieniza\u00e7\u00e3o das m\u00e3os com \u00e1lcool em gel 70% e o respeito \u00e0 dist\u00e2ncia m\u00ednima entre as pessoas, principalmente observando as demarca\u00e7\u00f5es espec\u00edficas no piso pr\u00f3ximo \u00e0 \u00e1rea do caixa, dentre outras recomenda\u00e7\u00f5es.<\/p>\n","protected":false},"excerpt":{"rendered":"<p>Uma das festas mais populares do Brasil ter\u00e1 um colorido diferente neste ano de 2021. Devido \u00e0<\/p>\n","protected":false},"author":1,"featured_media":3363,"comment_status":"open","ping_status":"open","sticky":false,"template":"","format":"standard","meta":{"footnotes":""},"categories":[60],"tags":[],"class_list":["post-13912","post","type-post","status-publish","format-standard","has-post-thumbnail","hentry","category-capa"],"_links":{"self":[{"href":"https:\/\/4cantosalagoas.com.br\/portal\/wp-json\/wp\/v2\/posts\/13912","targetHints":{"allow":["GET"]}}],"collection":[{"href":"https:\/\/4cantosalagoas.com.br\/portal\/wp-json\/wp\/v2\/posts"}],"about":[{"href":"https:\/\/4cantosalagoas.com.br\/portal\/wp-json\/wp\/v2\/types\/post"}],"author":[{"embeddable":true,"href":"https:\/\/4cantosalagoas.com.br\/portal\/wp-json\/wp\/v2\/users\/1"}],"replies":[{"embeddable":true,"href":"https:\/\/4cantosalagoas.com.br\/portal\/wp-json\/wp\/v2\/comments?post=13912"}],"version-history":[{"count":1,"href":"https:\/\/4cantosalagoas.com.br\/portal\/wp-json\/wp\/v2\/posts\/13912\/revisions"}],"predecessor-version":[{"id":13913,"href":"https:\/\/4cantosalagoas.com.br\/portal\/wp-json\/wp\/v2\/posts\/13912\/revisions\/13913"}],"wp:featuredmedia":[{"embeddable":true,"href":"https:\/\/4cantosalagoas.com.br\/portal\/wp-json\/wp\/v2\/media\/3363"}],"wp:attachment":[{"href":"https:\/\/4cantosalagoas.com.br\/portal\/wp-json\/wp\/v2\/media?parent=13912"}],"wp:term":[{"taxonomy":"category","embeddable":true,"href":"https:\/\/4cantosalagoas.com.br\/portal\/wp-json\/wp\/v2\/categories?post=13912"},{"taxonomy":"post_tag","embeddable":true,"href":"https:\/\/4cantosalagoas.com.br\/portal\/wp-json\/wp\/v2\/tags?post=13912"}],"curies":[{"name":"wp","href":"https:\/\/api.w.org\/{rel}","templated":true}]}}