{"id":13889,"date":"2021-02-09T07:39:19","date_gmt":"2021-02-09T10:39:19","guid":{"rendered":"http:\/\/4cantosalagoas.com.br\/portal\/?p=13889"},"modified":"2021-02-09T07:39:24","modified_gmt":"2021-02-09T10:39:24","slug":"parcerias-podem-transformar-jaragua-em-espaco-cultural-ao-ar-livre","status":"publish","type":"post","link":"https:\/\/4cantosalagoas.com.br\/portal\/parcerias-podem-transformar-jaragua-em-espaco-cultural-ao-ar-livre\/","title":{"rendered":"Parcerias podem transformar Jaragu\u00e1 em espa\u00e7o cultural ao ar livre"},"content":{"rendered":"\n<figure class=\"wp-block-image\"><img fetchpriority=\"high\" decoding=\"async\" width=\"1536\" height=\"1152\" src=\"https:\/\/i1.wp.com\/4cantosalagoas.com.br\/portal\/wp-content\/uploads\/2021\/02\/14.jpg?fit=1024%2C768\" alt=\"\" class=\"wp-image-13890\" srcset=\"https:\/\/4cantosalagoas.com.br\/portal\/wp-content\/uploads\/2021\/02\/14.jpg 1536w, https:\/\/4cantosalagoas.com.br\/portal\/wp-content\/uploads\/2021\/02\/14-300x225.jpg 300w, https:\/\/4cantosalagoas.com.br\/portal\/wp-content\/uploads\/2021\/02\/14-768x576.jpg 768w, https:\/\/4cantosalagoas.com.br\/portal\/wp-content\/uploads\/2021\/02\/14-1024x768.jpg 1024w\" sizes=\"(max-width: 1536px) 100vw, 1536px\" \/><figcaption> <br>M\u00edrian Monte no encontro com o Superindente Regional da Pol\u00edcia Federal em Alagoas<br>Foto: Ascom\/FMAC <\/figcaption><\/figure>\n\n\n\n<p>A presidenta da Funda\u00e7\u00e3o de A\u00e7\u00e3o cultural, M\u00edrian Monte, representou a Prefeitura de Macei\u00f3 na amplia\u00e7\u00e3o das rela\u00e7\u00f5es institucionais com outros \u00f3rg\u00e3os p\u00fablicos, como a Superintend\u00eancia Regional da Pol\u00edcia Federal em Alagoas e o Legislativo Municipal, al\u00e9m do grupo de artistas pl\u00e1sticos que faz parte do projeto&nbsp;<em>A Rua Vive<\/em>.<\/p>\n\n\n\n<p>A gestora apresentou, nesta segunda-feira (8), ao superintendente da Pol\u00edcia Federal em Alagoas, Agnaldo Mendon\u00e7a Alves, e ao delegado Federal Douglas Saldanha, a proposta para que artistas pl\u00e1sticos utilizem o muro onde funciona a Delegacia de Repress\u00e3o a Entorpecentes. A inten\u00e7\u00e3o \u00e9 que os muralistas criem pinturas que expressem a identidade cultural da cidade ou utilizem elementos iconogr\u00e1ficos que remetam aos Direitos Humanos. A parceria ser\u00e1 firmada com a solicita\u00e7\u00e3o oficial para autorizar a utiliza\u00e7\u00e3o do muro, bem como da assinatura de um termo de coopera\u00e7\u00e3o entre as institui\u00e7\u00f5es.<\/p>\n\n\n\n<p>\u201cA ideia da prefeitura \u00e9 dinamizar o bairro com diversas a\u00e7\u00f5es art\u00edsticas que compreendam a utiliza\u00e7\u00e3o dos espa\u00e7os p\u00fablicos do Jaragu\u00e1 como equipamentos culturais, que v\u00e3o desde os muros at\u00e9 a ocupa\u00e7\u00e3o de pra\u00e7as para apresenta\u00e7\u00f5es culturais, exposi\u00e7\u00f5es, feira de artesanato, degusta\u00e7\u00e3o da gastronomia regional. Mas tudo isso deve ser feito de forma ordenada e com as devidas autoriza\u00e7\u00f5es, sejam de entidades p\u00fablicas ou particulares\u201d, explica M\u00edrian.<\/p>\n\n\n\n<p><strong>Legislativo Municipal<\/strong>&nbsp;\u2013 Em visita ao gabinete do vereador Jo\u00e3o Catunda, a presidenta da FMAC conversou com o parlamentar e o chefe de gabinete, Diego Omena. Em pauta, o planejamento e a execu\u00e7\u00e3o de a\u00e7\u00f5es que ser\u00e3o implementadas pela Funda\u00e7\u00e3o nos bairros que comp\u00f5em as Regi\u00f5es Administrativas de Macei\u00f3, a partir do Programa que est\u00e1 sendo constru\u00eddo em conjunto com os t\u00e9cnicos da Secretaria Municipal de Educa\u00e7\u00e3o (Semed).<\/p>\n\n\n\n<p>Jo\u00e3o Catunda, que preside a Comiss\u00e3o de Educa\u00e7\u00e3o, Cultura e Turismo da C\u00e2mara Municipal, se disp\u00f4s a contribuir com apoios institucionais n\u00e3o s\u00f3 do Legislativo Municipal, mas tamb\u00e9m na interlocu\u00e7\u00e3o da FMAC com o Minist\u00e9rio do Turismo e a Secretaria de Cultura do governo Federal. O vereador se mostrou bastante otimista quando M\u00edrian falou dos planos que a Prefeitura de Macei\u00f3 tem para dinamizar a ocupa\u00e7\u00e3o do bairro hist\u00f3rico com arte e cultura, local onde ficam as duas institui\u00e7\u00f5es p\u00fablicas.<\/p>\n\n\n\n<figure class=\"wp-block-image\"><img decoding=\"async\" src=\"http:\/\/www.maceio.al.gov.br\/wp-content\/uploads\/2021\/02\/JPG\/2021\/02\/Visita-Joao-Catunda-1-1024x768.jpg\" alt=\"\" class=\"wp-image-395408\"\/><figcaption>Fmac estreita rela\u00e7\u00f5es insttucionais com Legislativo Municipal<br>Foto: Ascom\/FMAC<br><\/figcaption><\/figure>\n\n\n\n<p><strong>Muralismo<\/strong>&nbsp;\u2013 Um grupo de artistas pl\u00e1sticos apresentou \u00e0 FMAC o projeto A Rua Vive, uma proposta de interven\u00e7\u00e3o de fachada urbana na Rua Maria Helena Saldanha e do entorno do logradouro p\u00fablico, no bairro Farol, nas imedia\u00e7\u00f5es do Semin\u00e1rio Arquidiocesano de Macei\u00f3.<\/p>\n\n\n\n<p>M\u00edrian Monte visitou o local para verificar como esse tipo de a\u00e7\u00e3o pode ser efetivada a partir da parceria entre a FMAC e outras pastas que garantam a limpeza e a preserva\u00e7\u00e3o do espa\u00e7o p\u00fablico, quando o projeto for colocado em pr\u00e1tica pelo coletivos de artistas pl\u00e1sticos.<\/p>\n\n\n\n<p>\u201cTodos os contatos e encontros que estamos realizando desde que assumimos a gest\u00e3o da FMAC contribuem n\u00e3o s\u00f3 para conhecermos os anseios dos diversos segmentos culturais da cidade, mas tamb\u00e9m para ampliar a rede de interlocu\u00e7\u00e3o com outros agentes p\u00fablicos que possam contribuir para que os maceioenses e visitantes utilizem esses espa\u00e7os da cidade como locais de lazer e cultura, o que melhora a qualidade de vida da nossa popula\u00e7\u00e3o\u201d, pontua M\u00edrian.<\/p>\n\n\n\n<p>Ascom\/FMAC<\/p>\n\n\n\n<figure class=\"wp-block-image\"><img decoding=\"async\" src=\"http:\/\/www.maceio.al.gov.br\/wp-content\/uploads\/2021\/02\/JPG\/2021\/02\/Visita-Joao-Catunda-1024x768.jpg\" alt=\"\" class=\"wp-image-395410\"\/><figcaption>Prefeitura fecha parcerias atrav\u00e9s da FMAC para dinamizar Jaragu\u00e1<br>Fotos: Ascom\/FMAC<\/figcaption><\/figure>\n","protected":false},"excerpt":{"rendered":"<p>A presidenta da Funda\u00e7\u00e3o de A\u00e7\u00e3o cultural, M\u00edrian Monte, representou a Prefeitura de Macei\u00f3 na amplia\u00e7\u00e3o das<\/p>\n","protected":false},"author":1,"featured_media":13890,"comment_status":"open","ping_status":"open","sticky":false,"template":"","format":"standard","meta":{"footnotes":""},"categories":[5],"tags":[],"class_list":["post-13889","post","type-post","status-publish","format-standard","has-post-thumbnail","hentry","category-maceio"],"_links":{"self":[{"href":"https:\/\/4cantosalagoas.com.br\/portal\/wp-json\/wp\/v2\/posts\/13889","targetHints":{"allow":["GET"]}}],"collection":[{"href":"https:\/\/4cantosalagoas.com.br\/portal\/wp-json\/wp\/v2\/posts"}],"about":[{"href":"https:\/\/4cantosalagoas.com.br\/portal\/wp-json\/wp\/v2\/types\/post"}],"author":[{"embeddable":true,"href":"https:\/\/4cantosalagoas.com.br\/portal\/wp-json\/wp\/v2\/users\/1"}],"replies":[{"embeddable":true,"href":"https:\/\/4cantosalagoas.com.br\/portal\/wp-json\/wp\/v2\/comments?post=13889"}],"version-history":[{"count":1,"href":"https:\/\/4cantosalagoas.com.br\/portal\/wp-json\/wp\/v2\/posts\/13889\/revisions"}],"predecessor-version":[{"id":13891,"href":"https:\/\/4cantosalagoas.com.br\/portal\/wp-json\/wp\/v2\/posts\/13889\/revisions\/13891"}],"wp:featuredmedia":[{"embeddable":true,"href":"https:\/\/4cantosalagoas.com.br\/portal\/wp-json\/wp\/v2\/media\/13890"}],"wp:attachment":[{"href":"https:\/\/4cantosalagoas.com.br\/portal\/wp-json\/wp\/v2\/media?parent=13889"}],"wp:term":[{"taxonomy":"category","embeddable":true,"href":"https:\/\/4cantosalagoas.com.br\/portal\/wp-json\/wp\/v2\/categories?post=13889"},{"taxonomy":"post_tag","embeddable":true,"href":"https:\/\/4cantosalagoas.com.br\/portal\/wp-json\/wp\/v2\/tags?post=13889"}],"curies":[{"name":"wp","href":"https:\/\/api.w.org\/{rel}","templated":true}]}}