{"id":13886,"date":"2021-02-09T07:36:38","date_gmt":"2021-02-09T10:36:38","guid":{"rendered":"http:\/\/4cantosalagoas.com.br\/portal\/?p=13886"},"modified":"2021-02-09T07:36:44","modified_gmt":"2021-02-09T10:36:44","slug":"forca-tarefa-vai-atuar-no-combate-a-blocos-e-festas-clandestinas-no-carnaval","status":"publish","type":"post","link":"https:\/\/4cantosalagoas.com.br\/portal\/forca-tarefa-vai-atuar-no-combate-a-blocos-e-festas-clandestinas-no-carnaval\/","title":{"rendered":"For\u00e7a-tarefa vai atuar no combate a blocos e festas clandestinas no carnaval"},"content":{"rendered":"\n<figure class=\"wp-block-image\"><img fetchpriority=\"high\" decoding=\"async\" width=\"1280\" height=\"853\" src=\"https:\/\/i2.wp.com\/4cantosalagoas.com.br\/portal\/wp-content\/uploads\/2021\/02\/13.jpg?fit=1024%2C682\" alt=\"\" class=\"wp-image-13887\" srcset=\"https:\/\/4cantosalagoas.com.br\/portal\/wp-content\/uploads\/2021\/02\/13.jpg 1280w, https:\/\/4cantosalagoas.com.br\/portal\/wp-content\/uploads\/2021\/02\/13-300x200.jpg 300w, https:\/\/4cantosalagoas.com.br\/portal\/wp-content\/uploads\/2021\/02\/13-768x512.jpg 768w, https:\/\/4cantosalagoas.com.br\/portal\/wp-content\/uploads\/2021\/02\/13-1024x682.jpg 1024w\" sizes=\"(max-width: 1280px) 100vw, 1280px\" \/><figcaption> <br>Grupo de trabalho define atua\u00e7\u00e3o durante o per\u00edodo reservado para o carnaval (Fotos: Itawi Albuquerque) <\/figcaption><\/figure>\n\n\n\n<p> Uma for\u00e7a-tarefa foi criada pela Prefeitura de Macei\u00f3 para atuar de forma efetiva na fiscaliza\u00e7\u00e3o durante o per\u00edodo de carnaval, que, este ano, devido \u00e0 pandemia de Covid-19, n\u00e3o ter\u00e1 comemora\u00e7\u00f5es. A inten\u00e7\u00e3o \u00e9 impedir o desfile de blocos e festas clandestinas que gerem aglomera\u00e7\u00f5es de qualquer natureza. O Munic\u00edpio vai fazer valer as regras sanit\u00e1rias com a possibilidade de aplicar penalidades para quem for flagrado descumprindo as diretrizes. <\/p>\n\n\n\n<p>As festas privadas est\u00e3o autorizadas por decreto governamental, mas tamb\u00e9m ser\u00e3o fiscalizadas. H\u00e1 uma s\u00e9rie de medidas previstas para evitar o cont\u00e1gio pelo novo coronav\u00edrus e os organizadores devem implement\u00e1-las para que n\u00e3o corram o risco de serem penalizados, at\u00e9 com o fechamento do estabelecimento por tempo indeterminado.<\/p>\n\n\n\n<p>A Prefeitura, por meio das secretarias municipais de Seguran\u00e7a Comunit\u00e1ria e Conv\u00edvio Social (Semscs), de Transporte e Tr\u00e2nsito (SMTT), de Assist\u00eancia Social (Semas), al\u00e9m da Vigil\u00e2ncia Sanit\u00e1ria, da Funda\u00e7\u00e3o Municipal de A\u00e7\u00e3o Cultural (FMAC) e o Gabinete de Gest\u00e3o Integrada (GGI) de Preven\u00e7\u00e3o \u00e0 Covid-19, criaram um grupo de trabalho (GT) para planejar as atividades de fiscaliza\u00e7\u00e3o nos quatro dias em que a Folia de Momo ocorreria na capital.<\/p>\n\n\n\n<p>Na tarde desta segunda-feira (8), o GT se reuniu para discutir a log\u00edstica e definir algumas a\u00e7\u00f5es que poder\u00e3o ser adotadas no per\u00edodo. Uma delas j\u00e1 est\u00e1 programada para a pr\u00f3xima sexta-feira (12). Equipes far\u00e3o uma grande blitz, a partir das 20h, percorrendo v\u00e1rios pontos da cidade. O objetivo \u00e9 monitorar a movimenta\u00e7\u00e3o e fazer abordagens educativas visando \u00e0 conscientiza\u00e7\u00e3o de que o momento n\u00e3o permite grandes festas com aglomera\u00e7\u00f5es.<\/p>\n\n\n\n<p>A for\u00e7a-tarefa tamb\u00e9m monitora a organiza\u00e7\u00e3o de blocos de carnaval e festas clandestinas em diversos bairros da capital. Estes eventos n\u00e3o est\u00e3o autorizados e, se acontecerem, ser\u00e3o alvos de fiscaliza\u00e7\u00e3o. A Prefeitura de Macei\u00f3 vai se reunir na pr\u00f3xima quarta-feira (10) com o Comando de Policiamento da Capital (CPC), da Pol\u00edcia Militar, para pedir o apoio necess\u00e1rio nas interven\u00e7\u00f5es. Al\u00e9m disso, pretende acionar o Minist\u00e9rio P\u00fablico para atua\u00e7\u00e3o em parceria.<\/p>\n\n\n\n<figure class=\"wp-block-image\"><img decoding=\"async\" src=\"http:\/\/www.maceio.al.gov.br\/wp-content\/uploads\/2021\/02\/jpg\/2021\/02\/gt1-1024x682.jpg\" alt=\"\" class=\"wp-image-395425\"\/><figcaption>Gestores se reuniram nesta segunda-feira para planejar a\u00e7\u00f5es a serem adotadas no per\u00edodo<\/figcaption><\/figure>\n\n\n\n<p>Nos quatro dias destinados ao carnaval, o GT estar\u00e1 nas ruas com abordagens e atividades direcionadas para garantir que as medidas de combate \u00e0 Covid-19 sejam respeitadas. Blitze culturais e sociais, com a FMAC e a Semas, est\u00e3o sendo planejadas para refor\u00e7ar o apelo. A popula\u00e7\u00e3o poder\u00e1 ajudar a denunciar poss\u00edveis irregularidades por meio de um telefone a ser disponibilizado pela Prefeitura de Macei\u00f3.<\/p>\n\n\n\n<p>O prefeito JHC vai assinar, esta semana, um decreto com as regras do Munic\u00edpio a serem seguidas ao longo deste per\u00edodo. Medidas duras est\u00e3o previstas para quem descumprir as normas. O infrator poder\u00e1, inclusive, ser denunciado pela Procuradoria Geral do Munic\u00edpio e responder pelo crime contra a sa\u00fade p\u00fablica.<\/p>\n\n\n\n<p><em>Thiago Gomes \u2013 Secom Macei\u00f3<\/em><\/p>\n","protected":false},"excerpt":{"rendered":"<p>Uma for\u00e7a-tarefa foi criada pela Prefeitura de Macei\u00f3 para atuar de forma efetiva na fiscaliza\u00e7\u00e3o durante o<\/p>\n","protected":false},"author":1,"featured_media":13887,"comment_status":"open","ping_status":"open","sticky":false,"template":"","format":"standard","meta":{"footnotes":""},"categories":[60],"tags":[],"class_list":["post-13886","post","type-post","status-publish","format-standard","has-post-thumbnail","hentry","category-capa"],"_links":{"self":[{"href":"https:\/\/4cantosalagoas.com.br\/portal\/wp-json\/wp\/v2\/posts\/13886","targetHints":{"allow":["GET"]}}],"collection":[{"href":"https:\/\/4cantosalagoas.com.br\/portal\/wp-json\/wp\/v2\/posts"}],"about":[{"href":"https:\/\/4cantosalagoas.com.br\/portal\/wp-json\/wp\/v2\/types\/post"}],"author":[{"embeddable":true,"href":"https:\/\/4cantosalagoas.com.br\/portal\/wp-json\/wp\/v2\/users\/1"}],"replies":[{"embeddable":true,"href":"https:\/\/4cantosalagoas.com.br\/portal\/wp-json\/wp\/v2\/comments?post=13886"}],"version-history":[{"count":1,"href":"https:\/\/4cantosalagoas.com.br\/portal\/wp-json\/wp\/v2\/posts\/13886\/revisions"}],"predecessor-version":[{"id":13888,"href":"https:\/\/4cantosalagoas.com.br\/portal\/wp-json\/wp\/v2\/posts\/13886\/revisions\/13888"}],"wp:featuredmedia":[{"embeddable":true,"href":"https:\/\/4cantosalagoas.com.br\/portal\/wp-json\/wp\/v2\/media\/13887"}],"wp:attachment":[{"href":"https:\/\/4cantosalagoas.com.br\/portal\/wp-json\/wp\/v2\/media?parent=13886"}],"wp:term":[{"taxonomy":"category","embeddable":true,"href":"https:\/\/4cantosalagoas.com.br\/portal\/wp-json\/wp\/v2\/categories?post=13886"},{"taxonomy":"post_tag","embeddable":true,"href":"https:\/\/4cantosalagoas.com.br\/portal\/wp-json\/wp\/v2\/tags?post=13886"}],"curies":[{"name":"wp","href":"https:\/\/api.w.org\/{rel}","templated":true}]}}