{"id":13453,"date":"2020-12-30T18:25:51","date_gmt":"2020-12-30T21:25:51","guid":{"rendered":"http:\/\/4cantosalagoas.com.br\/portal\/?p=13453"},"modified":"2020-12-30T18:25:51","modified_gmt":"2020-12-30T21:25:51","slug":"previsao-do-tempo-ultimo-dia-do-ano-deve-ser-marcado-por-chuvas-isoladas-no-litoral-alagoano","status":"publish","type":"post","link":"https:\/\/4cantosalagoas.com.br\/portal\/previsao-do-tempo-ultimo-dia-do-ano-deve-ser-marcado-por-chuvas-isoladas-no-litoral-alagoano\/","title":{"rendered":"Previs\u00e3o do tempo: \u00daltimo dia do ano deve ser marcado por chuvas isoladas no litoral alagoano"},"content":{"rendered":"\n<figure class=\"wp-block-image\"><img fetchpriority=\"high\" decoding=\"async\" width=\"1087\" height=\"717\" src=\"https:\/\/i0.wp.com\/4cantosalagoas.com.br\/portal\/wp-content\/uploads\/2020\/12\/32.jpg?fit=1024%2C675\" alt=\"\" class=\"wp-image-13454\" srcset=\"https:\/\/4cantosalagoas.com.br\/portal\/wp-content\/uploads\/2020\/12\/32.jpg 1087w, https:\/\/4cantosalagoas.com.br\/portal\/wp-content\/uploads\/2020\/12\/32-300x198.jpg 300w, https:\/\/4cantosalagoas.com.br\/portal\/wp-content\/uploads\/2020\/12\/32-768x507.jpg 768w, https:\/\/4cantosalagoas.com.br\/portal\/wp-content\/uploads\/2020\/12\/32-1024x675.jpg 1024w\" sizes=\"(max-width: 1087px) 100vw, 1087px\" \/><figcaption>Assessoria<\/figcaption><\/figure>\n\n\n\n<p>Alagoas dever\u00e1 ter o \u00faltimo dia de 2020 com chuvas na maior parte das regi\u00f5es. \u00c9 o que aponta a Sala de Alerta da Secretaria de Estado do Meio Ambiente e Recursos H\u00eddricos (Semarh). No dia 1\u00ba de janeiro, espera-se que o tempo esteja nublado na maioria do Estado.<\/p>\n\n\n\n<p>Nesta quinta-feira (31), a previs\u00e3o do tempo para Macei\u00f3 \u00e9 de chuvas em pontos isolados intercaladas com per\u00edodos de tempo seco pela manh\u00e3. Durante a tarde e noite, nebulosidade vari\u00e1vel. Os term\u00f4metros da capital devem registrar temperatura m\u00ednima de 23\u00baC e m\u00e1xima de 32\u00baC. Assim como no restante do litoral.<\/p>\n\n\n\n<p>J\u00e1 no Agreste, a expectativa \u00e9 de sol entre poucas nuvens com m\u00ednima de 21\u00baC e m\u00e1xima de 34\u00baC. O Sert\u00e3o e Sert\u00e3o do S\u00e3o Francisco tamb\u00e9m deve ter sol entre poucas nuvens. A m\u00ednima \u00e9 de 22\u00baC no Sert\u00e3o e m\u00e1xima de 36\u00baC no Sert\u00e3o do S\u00e3o Francisco.<\/p>\n\n\n\n<p>Na Zona da Mata alagoana, a previs\u00e3o \u00e9 de possibilidade de chuva intercalada com per\u00edodos de tempo seco na regi\u00e3o norte durante a manh\u00e3. A m\u00ednima para esta parte do Estado \u00e9 de 22\u00baC e m\u00e1xima de 31\u00baC.<\/p>\n\n\n\n<p>J\u00e1 no primeiro dia de janeiro, a sexta-feira (1), em Macei\u00f3, deve ser de nebulosidade vari\u00e1vel com possibilidade de chuva leve e de curta dura\u00e7\u00e3o intercalada com per\u00edodos de tempo seco nas primeiras horas do dia, e, durante a tarde e noite o tempo deve ficar nublado. A temperatura m\u00ednima \u00e9 de 24\u00baC e m\u00e1xima de 31\u00baC.<\/p>\n\n\n\n<p>No Baixo S\u00e3o Francisco, o tempo deve seguir o esperado para a capital alagoana. Mas, com m\u00ednima de 24\u00baC e m\u00e1xima de 32\u00baC. No Sert\u00e3o, o sol entre poucas nuvens deve permanecer tamb\u00e9m no dia 1. A temperatura deve ficar na casa dos 20\u00b0C, m\u00ednima, e 36\u00baC, m\u00e1xima.<\/p>\n\n\n\n<p>Na Zona da Mata, a previs\u00e3o do tempo \u00e9 de nebulosidade vari\u00e1vel com possibilidade de chuva leve e de curta dura\u00e7\u00e3o intercalada com per\u00edodos de tempo seco nas primeiras horas do dia, e, durante a tarde e noite nublado. A m\u00ednima deve ficar os 23\u00baC e a m\u00e1xima deve atingir os 32\u00baC.<\/p>\n\n\n\n<p>Assim como na quinta, o sol entre poucas nuvens deve permanecer no Agreste alagoano. A temperatura m\u00ednima esperada \u00e9 de 22\u00baC e m\u00e1xima de 34\u00baC.<\/p>\n\n\n\n<p>Para ter acesso diariamente a previs\u00e3o do tempo em Alagoas, basta acessar o site\u00a0<a rel=\"noreferrer noopener\" href=\"http:\/\/www.semarh.al.gov.br\/tempo-e-clima\/previsao\" target=\"_blank\">http:\/\/www.semarh.al.gov.br\/tempo-e-clima\/previsao<\/a>\u00a0ou usar o aplicativo &#8220;Semarh Tempo Alagoas&#8221;, dispon\u00edvel para as plataformas Android e iOs.<\/p>\n\n\n\n<p>Assessoria<\/p>\n","protected":false},"excerpt":{"rendered":"<p>Alagoas dever\u00e1 ter o \u00faltimo dia de 2020 com chuvas na maior parte das regi\u00f5es. \u00c9 o<\/p>\n","protected":false},"author":1,"featured_media":13454,"comment_status":"open","ping_status":"open","sticky":false,"template":"","format":"standard","meta":{"footnotes":""},"categories":[60],"tags":[],"class_list":["post-13453","post","type-post","status-publish","format-standard","has-post-thumbnail","hentry","category-capa"],"_links":{"self":[{"href":"https:\/\/4cantosalagoas.com.br\/portal\/wp-json\/wp\/v2\/posts\/13453","targetHints":{"allow":["GET"]}}],"collection":[{"href":"https:\/\/4cantosalagoas.com.br\/portal\/wp-json\/wp\/v2\/posts"}],"about":[{"href":"https:\/\/4cantosalagoas.com.br\/portal\/wp-json\/wp\/v2\/types\/post"}],"author":[{"embeddable":true,"href":"https:\/\/4cantosalagoas.com.br\/portal\/wp-json\/wp\/v2\/users\/1"}],"replies":[{"embeddable":true,"href":"https:\/\/4cantosalagoas.com.br\/portal\/wp-json\/wp\/v2\/comments?post=13453"}],"version-history":[{"count":1,"href":"https:\/\/4cantosalagoas.com.br\/portal\/wp-json\/wp\/v2\/posts\/13453\/revisions"}],"predecessor-version":[{"id":13455,"href":"https:\/\/4cantosalagoas.com.br\/portal\/wp-json\/wp\/v2\/posts\/13453\/revisions\/13455"}],"wp:featuredmedia":[{"embeddable":true,"href":"https:\/\/4cantosalagoas.com.br\/portal\/wp-json\/wp\/v2\/media\/13454"}],"wp:attachment":[{"href":"https:\/\/4cantosalagoas.com.br\/portal\/wp-json\/wp\/v2\/media?parent=13453"}],"wp:term":[{"taxonomy":"category","embeddable":true,"href":"https:\/\/4cantosalagoas.com.br\/portal\/wp-json\/wp\/v2\/categories?post=13453"},{"taxonomy":"post_tag","embeddable":true,"href":"https:\/\/4cantosalagoas.com.br\/portal\/wp-json\/wp\/v2\/tags?post=13453"}],"curies":[{"name":"wp","href":"https:\/\/api.w.org\/{rel}","templated":true}]}}