{"id":13450,"date":"2020-12-29T19:04:33","date_gmt":"2020-12-29T22:04:33","guid":{"rendered":"http:\/\/4cantosalagoas.com.br\/portal\/?p=13450"},"modified":"2020-12-29T19:04:37","modified_gmt":"2020-12-29T22:04:37","slug":"prefeitura-de-maceio-entrega-primeiro-modulo-dos-banheiros-da-orla","status":"publish","type":"post","link":"https:\/\/4cantosalagoas.com.br\/portal\/prefeitura-de-maceio-entrega-primeiro-modulo-dos-banheiros-da-orla\/","title":{"rendered":"Prefeitura de Macei\u00f3 entrega primeiro m\u00f3dulo dos banheiros da orla"},"content":{"rendered":"\n<figure class=\"wp-block-image\"><img fetchpriority=\"high\" decoding=\"async\" width=\"1536\" height=\"1025\" src=\"https:\/\/i2.wp.com\/4cantosalagoas.com.br\/portal\/wp-content\/uploads\/2020\/12\/31.jpg?fit=1024%2C683\" alt=\"\" class=\"wp-image-13451\" srcset=\"https:\/\/4cantosalagoas.com.br\/portal\/wp-content\/uploads\/2020\/12\/31.jpg 1536w, https:\/\/4cantosalagoas.com.br\/portal\/wp-content\/uploads\/2020\/12\/31-300x200.jpg 300w, https:\/\/4cantosalagoas.com.br\/portal\/wp-content\/uploads\/2020\/12\/31-768x513.jpg 768w, https:\/\/4cantosalagoas.com.br\/portal\/wp-content\/uploads\/2020\/12\/31-1024x683.jpg 1024w\" sizes=\"(max-width: 1536px) 100vw, 1536px\" \/><figcaption> <br>Primeiro m\u00f3dulo de banheiros p\u00fablicos da orla de Macei\u00f3. Foto: \u00c1tila Vieira\/Secom Macei\u00f3 <\/figcaption><\/figure>\n\n\n\n<p>A Prefeitura de Macei\u00f3 entregou nesta ter\u00e7a-feira (29), o primeiro m\u00f3dulo, localizado na Praia de Paju\u00e7ara, de banheiros p\u00fablicos da orla mar\u00edtima de Macei\u00f3. O projeto, desenvolvido pela Secretaria Municipal de Turismo, Esporte e Lazer (Semtel), tem como objetivo melhorar a experi\u00eancia do usu\u00e1rio que frequenta as praias de Macei\u00f3 e visa atender a demanda da popula\u00e7\u00e3o local, de comerciantes e turistas.<\/p>\n\n\n\n<figure class=\"wp-block-image\"><img decoding=\"async\" src=\"http:\/\/www.maceio.al.gov.br\/wp-content\/uploads\/2020\/12\/jpg\/2020\/12\/Banheiros-p%C3%BAblicos-na-orla-de-Macei%C3%B320201229_0079-1024x684.jpg\" alt=\"\" class=\"wp-image-391818\"\/><figcaption>Jair Galv\u00e3o, secret\u00e1rio Municipal de Turismo. Foto: \u00c1tila Vieira\/Secom Macei\u00f3<\/figcaption><\/figure>\n\n\n\n<p>De acordo com o titular da Semtel, Jair Galv\u00e3o, a obra \u00e9 fundamental para ampliar a qualifica\u00e7\u00e3o do destino Macei\u00f3. \u201cHoje entregamos o primeiro dos sete m\u00f3dulos que v\u00e3o ser instalados aqui na orla. Quatro deles j\u00e1 est\u00e3o conclu\u00eddos, aguardando apenas o contrato de manuten\u00e7\u00e3o definitiva e hoje inauguramos em fase de teste, em parceria com a iniciativa privada, este primeiro m\u00f3dulo. A proposta \u00e9 justamente testar os equipamentos, oferecer os servi\u00e7os a popula\u00e7\u00e3o e ver como ser\u00e1 a procura para ent\u00e3o ajustar a demanda de fluxo no contrato definitivo\u201d, explicou.<\/p>\n\n\n\n<figure class=\"wp-block-image\"><img decoding=\"async\" src=\"http:\/\/www.maceio.al.gov.br\/wp-content\/uploads\/2020\/12\/jpg\/2020\/12\/Banheiros-p%C3%BAblicos-na-orla-de-Macei%C3%B320201229_0070-1024x684.jpg\" alt=\"\" class=\"wp-image-391810\"\/><figcaption>Entrega dos banheiros p\u00fablicos na orla de Macei\u00f3. Foto: \u00c1tila Vieira\/Secom Macei\u00f3<\/figcaption><\/figure>\n\n\n\n<p>Os banheiros foram constru\u00eddos em pontos estrat\u00e9gicos com aten\u00e7\u00e3o especial aos lugares onde h\u00e1 maior fluxo de maceioenses e turistas, com revestimento externo em eucalipto, seguindo o padr\u00e3o da orla em obras como os parquinhos e pontos de \u00f4nibus. Receber\u00e3o a instala\u00e7\u00e3o as praias de Paju\u00e7ara, Ponta Verde, Jati\u00faca e Cruz das Almas. Cada m\u00f3dulo conta com a instala\u00e7\u00e3o de dois blocos de banheiros, que contar\u00e3o com sanit\u00e1rios, pias, chuveiros na parte externa e adapta\u00e7\u00e3o ao uso para pessoas com defici\u00eancia.<\/p>\n\n\n\n<figure class=\"wp-block-image\"><img decoding=\"async\" src=\"http:\/\/www.maceio.al.gov.br\/wp-content\/uploads\/2020\/12\/jpg\/2020\/12\/Banheiros-p%C3%BAblicos-na-orla-de-Macei%C3%B320201229_0075-1024x684.jpg\" alt=\"\" class=\"wp-image-391815\"\/><figcaption>Banheiros foram constru\u00eddos seguindo normas de acessibilidade. Foto: \u00c1tila Vieira\/Secom Macei\u00f3<\/figcaption><\/figure>\n\n\n\n<p>A instala\u00e7\u00e3o dos m\u00f3dulos vai melhorar as condi\u00e7\u00f5es sanit\u00e1rias da regi\u00e3o e oferecer aos usu\u00e1rios privacidade e comodidade, al\u00e9m de uma estrutura\u00e7\u00e3o adequada para o fluxo de turistas em per\u00edodos de alta temporada, amplia\u00e7\u00e3o da qualifica\u00e7\u00e3o da oferta tur\u00edstica e o bem-estar da popula\u00e7\u00e3o. O projeto, com valor global de R$ 450 mil, \u00e9 um investimento da Prefeitura de Macei\u00f3 com contrapartida do Governo Federal, por meio do Minist\u00e9rio do Turismo.<\/p>\n\n\n\n<p>Secom Macei\u00f3<\/p>\n","protected":false},"excerpt":{"rendered":"<p>A Prefeitura de Macei\u00f3 entregou nesta ter\u00e7a-feira (29), o primeiro m\u00f3dulo, localizado na Praia de Paju\u00e7ara, de<\/p>\n","protected":false},"author":1,"featured_media":13451,"comment_status":"open","ping_status":"open","sticky":false,"template":"","format":"standard","meta":{"footnotes":""},"categories":[5],"tags":[],"class_list":["post-13450","post","type-post","status-publish","format-standard","has-post-thumbnail","hentry","category-maceio"],"_links":{"self":[{"href":"https:\/\/4cantosalagoas.com.br\/portal\/wp-json\/wp\/v2\/posts\/13450","targetHints":{"allow":["GET"]}}],"collection":[{"href":"https:\/\/4cantosalagoas.com.br\/portal\/wp-json\/wp\/v2\/posts"}],"about":[{"href":"https:\/\/4cantosalagoas.com.br\/portal\/wp-json\/wp\/v2\/types\/post"}],"author":[{"embeddable":true,"href":"https:\/\/4cantosalagoas.com.br\/portal\/wp-json\/wp\/v2\/users\/1"}],"replies":[{"embeddable":true,"href":"https:\/\/4cantosalagoas.com.br\/portal\/wp-json\/wp\/v2\/comments?post=13450"}],"version-history":[{"count":1,"href":"https:\/\/4cantosalagoas.com.br\/portal\/wp-json\/wp\/v2\/posts\/13450\/revisions"}],"predecessor-version":[{"id":13452,"href":"https:\/\/4cantosalagoas.com.br\/portal\/wp-json\/wp\/v2\/posts\/13450\/revisions\/13452"}],"wp:featuredmedia":[{"embeddable":true,"href":"https:\/\/4cantosalagoas.com.br\/portal\/wp-json\/wp\/v2\/media\/13451"}],"wp:attachment":[{"href":"https:\/\/4cantosalagoas.com.br\/portal\/wp-json\/wp\/v2\/media?parent=13450"}],"wp:term":[{"taxonomy":"category","embeddable":true,"href":"https:\/\/4cantosalagoas.com.br\/portal\/wp-json\/wp\/v2\/categories?post=13450"},{"taxonomy":"post_tag","embeddable":true,"href":"https:\/\/4cantosalagoas.com.br\/portal\/wp-json\/wp\/v2\/tags?post=13450"}],"curies":[{"name":"wp","href":"https:\/\/api.w.org\/{rel}","templated":true}]}}