{"id":13390,"date":"2020-12-21T18:43:39","date_gmt":"2020-12-21T21:43:39","guid":{"rendered":"http:\/\/4cantosalagoas.com.br\/portal\/?p=13390"},"modified":"2020-12-21T18:43:45","modified_gmt":"2020-12-21T21:43:45","slug":"governo-permitira-retorno-as-aulas-presenciais-a-partir-de-21-de-janeiro","status":"publish","type":"post","link":"https:\/\/4cantosalagoas.com.br\/portal\/governo-permitira-retorno-as-aulas-presenciais-a-partir-de-21-de-janeiro\/","title":{"rendered":"Governo permitir\u00e1 retorno \u00e0s aulas presenciais a partir de 21 de janeiro"},"content":{"rendered":"\n<figure class=\"wp-block-image\"><img fetchpriority=\"high\" decoding=\"async\" width=\"600\" height=\"400\" src=\"http:\/\/4cantosalagoas.com.br\/portal\/wp-content\/uploads\/2020\/12\/1236.jpg\" alt=\"\" class=\"wp-image-13391\" srcset=\"https:\/\/4cantosalagoas.com.br\/portal\/wp-content\/uploads\/2020\/12\/1236.jpg 600w, https:\/\/4cantosalagoas.com.br\/portal\/wp-content\/uploads\/2020\/12\/1236-300x200.jpg 300w\" sizes=\"(max-width: 600px) 100vw, 600px\" \/><figcaption> <br>Na rede p\u00fablica estadual, o retorno deve acontecer a partir de 1\u00ba de mar\u00e7o de 2021<em>Ascom Seduc\/Arquivo<\/em> <\/figcaption><\/figure>\n\n\n\n<p>As aulas presenciais em Alagoas devem ser retomadas a partir do dia 21 de janeiro de 2021. A decis\u00e3o foi anunciada nesta segunda-feira (21) pelo governador Renan Filho, durante coletiva de imprensa realizada no Museu Pal\u00e1cio Floriano Peixoto. Na rede p\u00fablica estadual, o retorno deve acontecer a partir de 1\u00ba de mar\u00e7o de 2021, conforme calend\u00e1rio j\u00e1 definido e divulgado anteriormente.<\/p>\n\n\n\n<p>De acordo com o governador, o decreto que tratar\u00e1 do retorno \u00e0s aulas \u2013 a ser publicado nos pr\u00f3ximos dias \u2013 deve permitir a presen\u00e7a de pelo menos 50% dos alunos em sala de aula na rede privada e 30% da capacidade das salas na rede p\u00fablica. J\u00e1 as redes municipais dependem do posicionamento dos prefeitos para retornarem ou n\u00e3o.<\/p>\n\n\n\n<p>\u201cN\u00e3o d\u00e1 mais para levarmos adiante a educa\u00e7\u00e3o paralisada. Eu estou finalizando esse decreto, que est\u00e1 sendo muito pensado internamente, pela Educa\u00e7\u00e3o e pela Sa\u00fade, olhando outras experi\u00eancias nacionais\u201d, afirmou Renan Filho.<\/p>\n\n\n\n<p>O secret\u00e1rio de Estado da Educa\u00e7\u00e3o, F\u00e1bio Guedes, refor\u00e7ou que as escolas da rede estadual estar\u00e3o adequadas aos protocolos sanit\u00e1rios e de sa\u00fade. O mesmo ter\u00e1 que acontecer nas escolas particulares e nas redes municipais. Guedes destaca que o calend\u00e1rio escolar foi planejado para garantir o ensino de alto rendimento na modalidade h\u00edbrida, que mescla aulas presenciais \u00e0s remotas.<\/p>\n\n\n\n<p>\u201cEstamos trabalhando de maneira planejada garantir o retorno. J\u00e1 publicamos portarias com um amplo protocolo para o adequado funcionamento das escolas, para o Continuum curricular 2020-2021 e para o calend\u00e1rio de matr\u00edculas. Al\u00e9m desses documentos, em breve publicaremos uma nova portaria definindo o repasse de recursos a todas as escolas p\u00fablicas estaduais para prepara\u00e7\u00e3o e adequa\u00e7\u00e3o do ambiente estudantil aos protocolos sanit\u00e1rios\u201d.<\/p>\n\n\n\n<p><strong>Pr\u00e9-matr\u00edcula<\/strong><\/p>\n\n\n\n<p>A Secretaria de Estado da Educa\u00e7\u00e3o (Seduc) antecipou a divulga\u00e7\u00e3o do calend\u00e1rio de matr\u00edcula para o ano letivo 2021, para garantir o acesso \u00e0 informa\u00e7\u00e3o e a agilidade no processo de matr\u00edcula dos 170 mil alunos da rede. Tanto a pr\u00e9-matr\u00edcula de novatos como a renova\u00e7\u00e3o dos alunos que j\u00e1 estudam na rede acontecem no m\u00eas de janeiro.<\/p>\n\n\n\n<p><strong>Continuum curricular<\/strong><\/p>\n\n\n\n<p>A portaria do Continuum Curricular, que reorganiza o calend\u00e1rio da rede estadual e re\u00fane os anos letivos 2020\/2021 em um ciclo emergencial, tamb\u00e9m foi divulgada este m\u00eas. O objetivo da medida \u00e9 garantir a complementa\u00e7\u00e3o do conte\u00fado de 2020 e assegurar que nenhum estudante seja prejudicado pelas limita\u00e7\u00f5es impostas pela pandemia da Covid-19.<\/p>\n\n\n\n<p>O conte\u00fado das duas portarias pode ser acessado no site oficial da Educa\u00e7\u00e3o:\u00a0<a rel=\"noreferrer noopener\" href=\"http:\/\/www.educacao.al.gov.br\/\" target=\"_blank\">www.educacao.al.gov.br<\/a><\/p>\n\n\n\n<p>Assessoria<\/p>\n","protected":false},"excerpt":{"rendered":"<p>As aulas presenciais em Alagoas devem ser retomadas a partir do dia 21 de janeiro de 2021.<\/p>\n","protected":false},"author":1,"featured_media":13391,"comment_status":"open","ping_status":"open","sticky":false,"template":"","format":"standard","meta":{"footnotes":""},"categories":[60],"tags":[],"class_list":["post-13390","post","type-post","status-publish","format-standard","has-post-thumbnail","hentry","category-capa"],"_links":{"self":[{"href":"https:\/\/4cantosalagoas.com.br\/portal\/wp-json\/wp\/v2\/posts\/13390","targetHints":{"allow":["GET"]}}],"collection":[{"href":"https:\/\/4cantosalagoas.com.br\/portal\/wp-json\/wp\/v2\/posts"}],"about":[{"href":"https:\/\/4cantosalagoas.com.br\/portal\/wp-json\/wp\/v2\/types\/post"}],"author":[{"embeddable":true,"href":"https:\/\/4cantosalagoas.com.br\/portal\/wp-json\/wp\/v2\/users\/1"}],"replies":[{"embeddable":true,"href":"https:\/\/4cantosalagoas.com.br\/portal\/wp-json\/wp\/v2\/comments?post=13390"}],"version-history":[{"count":1,"href":"https:\/\/4cantosalagoas.com.br\/portal\/wp-json\/wp\/v2\/posts\/13390\/revisions"}],"predecessor-version":[{"id":13392,"href":"https:\/\/4cantosalagoas.com.br\/portal\/wp-json\/wp\/v2\/posts\/13390\/revisions\/13392"}],"wp:featuredmedia":[{"embeddable":true,"href":"https:\/\/4cantosalagoas.com.br\/portal\/wp-json\/wp\/v2\/media\/13391"}],"wp:attachment":[{"href":"https:\/\/4cantosalagoas.com.br\/portal\/wp-json\/wp\/v2\/media?parent=13390"}],"wp:term":[{"taxonomy":"category","embeddable":true,"href":"https:\/\/4cantosalagoas.com.br\/portal\/wp-json\/wp\/v2\/categories?post=13390"},{"taxonomy":"post_tag","embeddable":true,"href":"https:\/\/4cantosalagoas.com.br\/portal\/wp-json\/wp\/v2\/tags?post=13390"}],"curies":[{"name":"wp","href":"https:\/\/api.w.org\/{rel}","templated":true}]}}