{"id":13341,"date":"2020-12-16T10:31:34","date_gmt":"2020-12-16T13:31:34","guid":{"rendered":"http:\/\/4cantosalagoas.com.br\/portal\/?p=13341"},"modified":"2020-12-16T10:31:38","modified_gmt":"2020-12-16T13:31:38","slug":"acusado-de-arrastoes-em-marechal-deodoro-e-preso-no-pilar","status":"publish","type":"post","link":"https:\/\/4cantosalagoas.com.br\/portal\/acusado-de-arrastoes-em-marechal-deodoro-e-preso-no-pilar\/","title":{"rendered":"Acusado de arrast\u00f5es em Marechal Deodoro \u00e9 preso no Pilar"},"content":{"rendered":"\n<figure class=\"wp-block-image\"><img fetchpriority=\"high\" decoding=\"async\" width=\"445\" height=\"417\" src=\"http:\/\/4cantosalagoas.com.br\/portal\/wp-content\/uploads\/2019\/02\/pcd.jpg\" alt=\"\" class=\"wp-image-6501\" srcset=\"https:\/\/4cantosalagoas.com.br\/portal\/wp-content\/uploads\/2019\/02\/pcd.jpg 445w, https:\/\/4cantosalagoas.com.br\/portal\/wp-content\/uploads\/2019\/02\/pcd-300x281.jpg 300w, https:\/\/4cantosalagoas.com.br\/portal\/wp-content\/uploads\/2019\/02\/pcd-375x351.jpg 375w\" sizes=\"(max-width: 445px) 100vw, 445px\" \/><figcaption>Assessoria<\/figcaption><\/figure>\n\n\n\n<p>Um dos acusados de participa\u00e7\u00e3o em arrast\u00f5es, ocorridos no bairro da Poeira, em Marechal Deodoro, entre os dias 17 e 18 de novembro, foi preso nesta ter\u00e7a-feira (15) em uma opera\u00e7\u00e3o que mobilizou agentes da 17\u00ba Distrito Policial de Marechal Deodoro e 23\u00ba Distrito Policial cidade do Pilar.<\/p>\n\n\n\n<p>Os policiais civis do 17\u00ba DP iniciaram as investiga\u00e7\u00f5es e conseguiram chegar a um jovem que morava na cidade do Pilar e que, junto com alguns comparsas praticavam os assaltos.<\/p>\n\n\n\n<p>Para despistar a policia, segundo o chefe de opera\u00e7\u00f5es da delegacia de Marechal, Ant\u00f4nio Augusto, o grupo fugia em um barco at\u00e9 a cidade do Pilar, onde repassava os celulares para terceiros.<\/p>\n\n\n\n<p>Um mandado de pris\u00e3o foi expedido pela ju\u00edza Fab\u00edola de Melo Feij\u00e3o, titular da&nbsp; 2\u00aa Vara de Marechal Deodoro, que foi cumprido pelo policiais civis.<\/p>\n","protected":false},"excerpt":{"rendered":"<p>Um dos acusados de participa\u00e7\u00e3o em arrast\u00f5es, ocorridos no bairro da Poeira, em Marechal Deodoro, entre os<\/p>\n","protected":false},"author":1,"featured_media":6501,"comment_status":"open","ping_status":"open","sticky":false,"template":"","format":"standard","meta":{"footnotes":""},"categories":[60],"tags":[],"class_list":["post-13341","post","type-post","status-publish","format-standard","has-post-thumbnail","hentry","category-capa"],"_links":{"self":[{"href":"https:\/\/4cantosalagoas.com.br\/portal\/wp-json\/wp\/v2\/posts\/13341","targetHints":{"allow":["GET"]}}],"collection":[{"href":"https:\/\/4cantosalagoas.com.br\/portal\/wp-json\/wp\/v2\/posts"}],"about":[{"href":"https:\/\/4cantosalagoas.com.br\/portal\/wp-json\/wp\/v2\/types\/post"}],"author":[{"embeddable":true,"href":"https:\/\/4cantosalagoas.com.br\/portal\/wp-json\/wp\/v2\/users\/1"}],"replies":[{"embeddable":true,"href":"https:\/\/4cantosalagoas.com.br\/portal\/wp-json\/wp\/v2\/comments?post=13341"}],"version-history":[{"count":1,"href":"https:\/\/4cantosalagoas.com.br\/portal\/wp-json\/wp\/v2\/posts\/13341\/revisions"}],"predecessor-version":[{"id":13342,"href":"https:\/\/4cantosalagoas.com.br\/portal\/wp-json\/wp\/v2\/posts\/13341\/revisions\/13342"}],"wp:featuredmedia":[{"embeddable":true,"href":"https:\/\/4cantosalagoas.com.br\/portal\/wp-json\/wp\/v2\/media\/6501"}],"wp:attachment":[{"href":"https:\/\/4cantosalagoas.com.br\/portal\/wp-json\/wp\/v2\/media?parent=13341"}],"wp:term":[{"taxonomy":"category","embeddable":true,"href":"https:\/\/4cantosalagoas.com.br\/portal\/wp-json\/wp\/v2\/categories?post=13341"},{"taxonomy":"post_tag","embeddable":true,"href":"https:\/\/4cantosalagoas.com.br\/portal\/wp-json\/wp\/v2\/tags?post=13341"}],"curies":[{"name":"wp","href":"https:\/\/api.w.org\/{rel}","templated":true}]}}