{"id":13276,"date":"2020-12-09T10:31:12","date_gmt":"2020-12-09T13:31:12","guid":{"rendered":"http:\/\/4cantosalagoas.com.br\/portal\/?p=13276"},"modified":"2020-12-09T10:31:16","modified_gmt":"2020-12-09T13:31:16","slug":"operacao-da-delegacia-de-roubos-cumpre-mandados-em-maceio","status":"publish","type":"post","link":"https:\/\/4cantosalagoas.com.br\/portal\/operacao-da-delegacia-de-roubos-cumpre-mandados-em-maceio\/","title":{"rendered":"Opera\u00e7\u00e3o da Delegacia de Roubos cumpre mandados em Macei\u00f3"},"content":{"rendered":"\n<figure class=\"wp-block-image\"><img fetchpriority=\"high\" decoding=\"async\" width=\"750\" height=\"500\" src=\"http:\/\/4cantosalagoas.com.br\/portal\/wp-content\/uploads\/2020\/12\/opera\u00e7\u00e3o_moto_clube.thumbnail.jpg\" alt=\"\" class=\"wp-image-13277\" srcset=\"https:\/\/4cantosalagoas.com.br\/portal\/wp-content\/uploads\/2020\/12\/opera\u00e7\u00e3o_moto_clube.thumbnail.jpg 750w, https:\/\/4cantosalagoas.com.br\/portal\/wp-content\/uploads\/2020\/12\/opera\u00e7\u00e3o_moto_clube.thumbnail-300x200.jpg 300w\" sizes=\"(max-width: 750px) 100vw, 750px\" \/><figcaption>Assessoria<\/figcaption><\/figure>\n\n\n\n<p>Policiais civis da Delegacia de Roubos da Capital (DERC), sob coordena\u00e7\u00e3o do delegado Thiago Prado, realizaram, na manh\u00e3 desta quarta-feira (9), uma opera\u00e7\u00e3o&nbsp; em cumprimento de cinco mandados de busca e apreens\u00e3o e pris\u00e3o, com o objetivo de avan\u00e7ar nas investiga\u00e7\u00f5es de um crime de roubo ocorrido em Macei\u00f3.<\/p>\n\n\n\n<p>\u201cConsta que no dia 20 de agosto deste ano, dois motoqueiros que se autodenominavam pertencer ao moto clube \u201cAbutres\u201d realizaram a abordagem a outro motoqueiro, e mediante grave amea\u00e7a exercida com emprego de arma de fogo subtra\u00edram a sua jaqueta pertencente a um moto clube distinto\u201d, explicou o delegado Thiago Prado.<\/p>\n\n\n\n<p>A autoridade policial disse ainda que, durante o cumprimento das ordens judiciais, um suspeito foi preso em virtude do mandado de pris\u00e3o, bem como foram apreendidos dois simulacros de arma de fogo em endere\u00e7os relacionados ao moto clube Abutres.<\/p>\n\n\n\n<p>No prazo de 10 dias o inqu\u00e9rito policial ser\u00e1 encaminhado ao Poder Judici\u00e1rio, com o devido indiciamento dos envolvidos.<\/p>\n\n\n\n<p>Assessoria<\/p>\n","protected":false},"excerpt":{"rendered":"<p>Policiais civis da Delegacia de Roubos da Capital (DERC), sob coordena\u00e7\u00e3o do delegado Thiago Prado, realizaram, na<\/p>\n","protected":false},"author":1,"featured_media":13277,"comment_status":"open","ping_status":"open","sticky":false,"template":"","format":"standard","meta":{"footnotes":""},"categories":[60],"tags":[],"class_list":["post-13276","post","type-post","status-publish","format-standard","has-post-thumbnail","hentry","category-capa"],"_links":{"self":[{"href":"https:\/\/4cantosalagoas.com.br\/portal\/wp-json\/wp\/v2\/posts\/13276","targetHints":{"allow":["GET"]}}],"collection":[{"href":"https:\/\/4cantosalagoas.com.br\/portal\/wp-json\/wp\/v2\/posts"}],"about":[{"href":"https:\/\/4cantosalagoas.com.br\/portal\/wp-json\/wp\/v2\/types\/post"}],"author":[{"embeddable":true,"href":"https:\/\/4cantosalagoas.com.br\/portal\/wp-json\/wp\/v2\/users\/1"}],"replies":[{"embeddable":true,"href":"https:\/\/4cantosalagoas.com.br\/portal\/wp-json\/wp\/v2\/comments?post=13276"}],"version-history":[{"count":1,"href":"https:\/\/4cantosalagoas.com.br\/portal\/wp-json\/wp\/v2\/posts\/13276\/revisions"}],"predecessor-version":[{"id":13278,"href":"https:\/\/4cantosalagoas.com.br\/portal\/wp-json\/wp\/v2\/posts\/13276\/revisions\/13278"}],"wp:featuredmedia":[{"embeddable":true,"href":"https:\/\/4cantosalagoas.com.br\/portal\/wp-json\/wp\/v2\/media\/13277"}],"wp:attachment":[{"href":"https:\/\/4cantosalagoas.com.br\/portal\/wp-json\/wp\/v2\/media?parent=13276"}],"wp:term":[{"taxonomy":"category","embeddable":true,"href":"https:\/\/4cantosalagoas.com.br\/portal\/wp-json\/wp\/v2\/categories?post=13276"},{"taxonomy":"post_tag","embeddable":true,"href":"https:\/\/4cantosalagoas.com.br\/portal\/wp-json\/wp\/v2\/tags?post=13276"}],"curies":[{"name":"wp","href":"https:\/\/api.w.org\/{rel}","templated":true}]}}