{"id":13270,"date":"2020-12-08T05:34:23","date_gmt":"2020-12-08T08:34:23","guid":{"rendered":"http:\/\/4cantosalagoas.com.br\/portal\/?p=13270"},"modified":"2020-12-08T05:35:39","modified_gmt":"2020-12-08T08:35:39","slug":"trafego-de-veiculos-no-viaduto-da-prf-sera-liberado-ate-o-natal","status":"publish","type":"post","link":"https:\/\/4cantosalagoas.com.br\/portal\/trafego-de-veiculos-no-viaduto-da-prf-sera-liberado-ate-o-natal\/","title":{"rendered":"Tr\u00e1fego de ve\u00edculos no Viaduto da PRF ser\u00e1 liberado at\u00e9 o Natal"},"content":{"rendered":"\n<figure class=\"wp-block-image\"><img fetchpriority=\"high\" decoding=\"async\" width=\"600\" height=\"400\" src=\"http:\/\/4cantosalagoas.com.br\/portal\/wp-content\/uploads\/2020\/12\/123.jpg\" alt=\"\" class=\"wp-image-13271\" srcset=\"https:\/\/4cantosalagoas.com.br\/portal\/wp-content\/uploads\/2020\/12\/123.jpg 600w, https:\/\/4cantosalagoas.com.br\/portal\/wp-content\/uploads\/2020\/12\/123-300x200.jpg 300w\" sizes=\"(max-width: 600px) 100vw, 600px\" \/><figcaption> <br>Inspe\u00e7\u00e3o na manh\u00e3 desta segunda-feira (7) Foto:<em>M\u00e1rcio Ferreira<\/em> <\/figcaption><\/figure>\n\n\n\n<p>\n\nO governador Renan Filho e o secret\u00e1rio de Estado do Transporte e do Desenvolvimento Urbano, Mosart Amaral, inspecionaram, na manh\u00e3 desta segunda-feira (7), as obras de constru\u00e7\u00e3o do Viaduto da Pol\u00edcia Rodovi\u00e1ria Federal (PRF) e das passagens inferiores de n\u00edvel (t\u00faneis). Em fase final, a maior obra de mobilidade urbana da capital alagoana, localizada no entroncamento da BR-104 com a BR-316, ter\u00e1 as vias liberadas para o tr\u00e1fego de ve\u00edculos at\u00e9 o Natal. Todo o equipamento ser\u00e1 entregue at\u00e9 o final de janeiro de 2021.<\/p>\n\n\n\n<p>&#8220;N\u00f3s vamos entregar a obra funcional, no que concerne ao tr\u00e2nsito, at\u00e9 o Natal; e vamos entregar toda a obra pronta, com ciclofaixas, cal\u00e7adas e jardinagem, at\u00e9 o final de janeiro do ano que vem&#8221;, informou o governador.<\/p>\n\n\n\n<p>As obras avan\u00e7am. Os t\u00faneis e o viaduto est\u00e3o recebendo a cobertura asf\u00e1ltica. Encontra-se em execu\u00e7\u00e3o, tamb\u00e9m, a instala\u00e7\u00e3o dos passeios e ciclovias, bem como das barreiras de prote\u00e7\u00e3o dos acessos superiores e das passagens inferiores de n\u00edvel. &#8220;S\u00e3o detalhes que faltam ser feitos, mas operacionalmente a obra ser\u00e1 liberada j\u00e1 pr\u00f3ximo do Natal&#8221;, confirmou Mosart Amaral.&nbsp;<\/p>\n\n\n\n<p>As obras do Viaduto da PRF s\u00e3o executadas pelo Governo de Alagoas, por meio da Secretaria de Estado do Transporte e do Desenvolvimento Urbano (Setrand), atrav\u00e9s de conv\u00eanio firmado com o Departamento Nacional de Infraestrutura de Transportes (DNIT). O equipamento conta com recursos da ordem de R$ 77,4 milh\u00f5es.<\/p>\n\n\n\n<p>&#8220;Estamos colocando mais R$ 12 milh\u00f5es na obra, fora a parte da desapropria\u00e7\u00e3o que o governo federal n\u00e3o paga e o Estado custeou, algo em torno de R$ 25 milh\u00f5es. S\u00e3o recursos pr\u00f3prios de Alagoas&#8221;, destacou Renan Filho. &#8220;Essa \u00e9 a maior obra de mobilidade urbana j\u00e1 realizada em Alagoas, uma obra muito significativa que vai melhorar a vida de muita gente&#8221;, complementou. <\/p>\n\n\n\n<p>Assessoria<\/p>\n","protected":false},"excerpt":{"rendered":"<p>O governador Renan Filho e o secret\u00e1rio de Estado do Transporte e do Desenvolvimento Urbano, Mosart Amaral,<\/p>\n","protected":false},"author":1,"featured_media":13271,"comment_status":"open","ping_status":"open","sticky":false,"template":"","format":"standard","meta":{"footnotes":""},"categories":[5,4],"tags":[],"class_list":["post-13270","post","type-post","status-publish","format-standard","has-post-thumbnail","hentry","category-maceio","category-noticias"],"_links":{"self":[{"href":"https:\/\/4cantosalagoas.com.br\/portal\/wp-json\/wp\/v2\/posts\/13270","targetHints":{"allow":["GET"]}}],"collection":[{"href":"https:\/\/4cantosalagoas.com.br\/portal\/wp-json\/wp\/v2\/posts"}],"about":[{"href":"https:\/\/4cantosalagoas.com.br\/portal\/wp-json\/wp\/v2\/types\/post"}],"author":[{"embeddable":true,"href":"https:\/\/4cantosalagoas.com.br\/portal\/wp-json\/wp\/v2\/users\/1"}],"replies":[{"embeddable":true,"href":"https:\/\/4cantosalagoas.com.br\/portal\/wp-json\/wp\/v2\/comments?post=13270"}],"version-history":[{"count":1,"href":"https:\/\/4cantosalagoas.com.br\/portal\/wp-json\/wp\/v2\/posts\/13270\/revisions"}],"predecessor-version":[{"id":13272,"href":"https:\/\/4cantosalagoas.com.br\/portal\/wp-json\/wp\/v2\/posts\/13270\/revisions\/13272"}],"wp:featuredmedia":[{"embeddable":true,"href":"https:\/\/4cantosalagoas.com.br\/portal\/wp-json\/wp\/v2\/media\/13271"}],"wp:attachment":[{"href":"https:\/\/4cantosalagoas.com.br\/portal\/wp-json\/wp\/v2\/media?parent=13270"}],"wp:term":[{"taxonomy":"category","embeddable":true,"href":"https:\/\/4cantosalagoas.com.br\/portal\/wp-json\/wp\/v2\/categories?post=13270"},{"taxonomy":"post_tag","embeddable":true,"href":"https:\/\/4cantosalagoas.com.br\/portal\/wp-json\/wp\/v2\/tags?post=13270"}],"curies":[{"name":"wp","href":"https:\/\/api.w.org\/{rel}","templated":true}]}}