{"id":13267,"date":"2020-12-08T05:31:09","date_gmt":"2020-12-08T08:31:09","guid":{"rendered":"http:\/\/4cantosalagoas.com.br\/portal\/?p=13267"},"modified":"2020-12-08T05:31:15","modified_gmt":"2020-12-08T08:31:15","slug":"mutange-avenida-interditada-tera-controle-de-acesso-a-partir-do-dia-12","status":"publish","type":"post","link":"https:\/\/4cantosalagoas.com.br\/portal\/mutange-avenida-interditada-tera-controle-de-acesso-a-partir-do-dia-12\/","title":{"rendered":"Mutange: Avenida interditada ter\u00e1 controle de acesso a partir do dia 12"},"content":{"rendered":"\n<figure class=\"wp-block-image\"><img fetchpriority=\"high\" decoding=\"async\" width=\"1040\" height=\"780\" src=\"https:\/\/i0.wp.com\/4cantosalagoas.com.br\/portal\/wp-content\/uploads\/2020\/12\/muta.jpg?fit=1024%2C768\" alt=\"\" class=\"wp-image-13268\" srcset=\"https:\/\/4cantosalagoas.com.br\/portal\/wp-content\/uploads\/2020\/12\/muta.jpg 1040w, https:\/\/4cantosalagoas.com.br\/portal\/wp-content\/uploads\/2020\/12\/muta-300x225.jpg 300w, https:\/\/4cantosalagoas.com.br\/portal\/wp-content\/uploads\/2020\/12\/muta-768x576.jpg 768w, https:\/\/4cantosalagoas.com.br\/portal\/wp-content\/uploads\/2020\/12\/muta-1024x768.jpg 1024w\" sizes=\"(max-width: 1040px) 100vw, 1040px\" \/><figcaption> <br>Controle de acesso vai evitar o tr\u00e2nsito de pessoas e ve\u00edculos de forma indevida em \u00e1rea de risco (Foto: Ascom Defesa Civil) <\/figcaption><\/figure>\n\n\n\n<p>Adotando medidas de salvaguarda da popula\u00e7\u00e3o, a Prefeitura de Macei\u00f3 informa que a partir do pr\u00f3ximo s\u00e1bado (12) a \u00e1rea j\u00e1 interditada da Avenida Major C\u00edcero de G\u00f3es Monteiro, no bairro do Mutange, passa a contar com um controle de acesso para evitar o tr\u00e2nsito de pessoas e ve\u00edculos de forma indevida na regi\u00e3o. A decis\u00e3o se faz necess\u00e1ria uma vez que a popula\u00e7\u00e3o vem burlando o bloqueio instalado com manilhas e continua transitando na \u00e1rea que tem risco iminente de desastre.<\/p>\n\n\n\n<p>Para o controle de acesso, est\u00e3o sendo instaladas duas cancelas, uma no bairro do Bom Parto e outra no bairro de Bebedouro, nos trechos j\u00e1 interditados desde mar\u00e7o deste ano, ap\u00f3s recomenda\u00e7\u00e3o da Defesa Civil de Macei\u00f3 e do Servi\u00e7o Geol\u00f3gico do Brasil (CPRM). A operacionaliza\u00e7\u00e3o do controle de acesso est\u00e1 sendo realizada pela empresa Braskem, atrav\u00e9s de Termo de Coopera\u00e7\u00e3o T\u00e9cnica 4 com a Prefeitura de Macei\u00f3.<\/p>\n\n\n\n<p>A partir desta ter\u00e7a-feira (8) at\u00e9 a sexta-feira (11), ser\u00e3o realizados trabalhos educativos com ciclistas, motoqueiros e transeuntes para orientar sobre o controle de acesso que passa a vigorar no dia 12, quando apenas ter\u00e3o acesso a \u00e1rea interditada ve\u00edculos oficiais que precisem trafegar na regi\u00e3o e ve\u00edculos em servi\u00e7o em apoio \u00e0s obras operacionais da Braskem, a exemplo das a\u00e7\u00f5es de enchimento das frentes de lavra e da encosta.<\/p>\n\n\n\n<p>Al\u00e9m do tr\u00e1fego indevido na regi\u00e3o, a necessidade de controle de acesso em trecho da Avenida Major C\u00edcero se deve ao fato de que o monitoramento realizado na \u00e1rea aponta que o fen\u00f4meno de subsid\u00eancia tem se mostrado atuante com o surgimento de novas evid\u00eancias do problema e, ainda, relat\u00f3rios apresentados pela empresa Braskem em setembro deste ano (confeccionados por institui\u00e7\u00f5es contratadas pela mineradora) que apontam \u00edndice elevado de subsid\u00eancia e projetam prazos para poss\u00edveis colapsos de minas com impacto na superf\u00edcie, caso nenhuma medida seja adotada para estabiliza\u00e7\u00e3o das minas de explora\u00e7\u00e3o de sal-gema.<\/p>\n\n\n\n<p>O controle de acesso est\u00e1 restrito a uma \u00e1rea de cerca de 1.700 metros que compreende o trecho da Avenida Major C\u00edcero de Goes Monteiro entre a Casa de Sa\u00fade Miguel Couto e o cruzamento da linha f\u00e9rrea do VLT no Bom Parto. O bloqueio n\u00e3o afetar\u00e1 a circula\u00e7\u00e3o da popula\u00e7\u00e3o na Avenida General Hermes e Ladeira Ulisses Bandeira, na Gruta do Padre, e est\u00e1 sendo adotada uma vez que n\u00e3o h\u00e1 mais pessoas morando da regi\u00e3o, nem com\u00e9rcio funcionando neste trecho.&nbsp;<\/p>\n\n\n\n<p>O trabalho educativo contar\u00e1 com entrega de panfletos com orienta\u00e7\u00f5es \u00e0s pessoas que ainda transitam na regi\u00e3o informando sobre o controle de acesso a partir do dia 12. Agentes da Superintend\u00eancia Municipal de Transporte e Tr\u00e2nsito (SMTT) e da Guarda Municipal estar\u00e3o no local para dar suporte aos agentes sociais da Braskem que far\u00e3o a mobiliza\u00e7\u00e3o. Al\u00e9m da panfletagem, as lideran\u00e7as comunit\u00e1rias da \u00e1rea circunvizinha foram informadas sobre a medida e ser\u00e3o multiplicadores das informa\u00e7\u00f5es nas comunidades.<\/p>\n\n\n\n<p><strong>Interdi\u00e7\u00e3o<\/strong><\/p>\n\n\n\n<p>Parte da Avenida Major C\u00edcero de G\u00f3es Monteiro, no bairro do Mutange, foi interditada em 28 de mar\u00e7o deste ano, quando a Defesa Civil de Macei\u00f3 e a CPRM recomendaram o fechamento da via devido ao processo evolutivo de subsid\u00eancia e a falta de equipamentos que auxiliem no monitoramento da instabilidade de solo, a exemplo de uma rede sismogr\u00e1fica de alta resolu\u00e7\u00e3o, que permita processamento e alerta autom\u00e1ticos.&nbsp;Al\u00e9m da Avenida, a linha f\u00e9rrea tamb\u00e9m teve trecho interditado.<\/p>\n\n\n\n<p><strong>Tr\u00e2nsito<\/strong><\/p>\n\n\n\n<p>O controle de acesso n\u00e3o trar\u00e1 altera\u00e7\u00f5es no tr\u00e2nsito da regi\u00e3o, uma vez que diz respeito apenas a \u00e1rea j\u00e1 interditada no m\u00eas de&nbsp; mar\u00e7o. A SMTT orienta que os condutores devem seguir o fluxo j\u00e1 adotado no per\u00edodo da interdi\u00e7\u00e3o: os condutores que vierem do bairro da Santa Am\u00e9lia e chegarem \u00e0 Avenida Major C\u00edcero de G\u00f3es Monteiro, em frente \u00e0 Sociedade Nossa Senhora do Bom Conselho, devem obrigatoriamente virar \u00e0 esquerda e acessar a Rua Doutor Passos de Miranda (Ladeira do Calmon). A partir deste ponto, os motoristas dever\u00e3o seguir pela Rua Jos\u00e9 da Silveira Camerino (antiga Belo Horizonte) e seguir at\u00e9 a Avenida Fernandes Lima, no bairro do Farol.<\/p>\n\n\n\n<p>Caso optem por seguir em dire\u00e7\u00e3o ao Bom Parto, os condutores podem seguir pela Rua Jos\u00e9 da Silveira Camerino e virar \u00e0 direita na Rua Ricardo de C\u00e9sar Melo, virar \u00e0 esquerda na Rua Coronel Lima Rocha, \u00e0 direita novamente na Rua Manoel Menezes, \u00e0 direita na Avenida Doutor Muniz Falc\u00e3o, \u00e0 esquerda na Rua Jerusal\u00e9m, \u00e0 esquerda na Rua Arnon de Melo, \u00e0 direita na Travessa Senador Arnon de Melo, na via aberta no trecho Hospital Portugal Ramalho, \u00e0 direita na Rua Oldemburgo da Silva Paranhos (antiga Rua Goi\u00e1s), \u00e0 esquerda na Rua Antenor Gomes de Oliveira e virar \u00e0 direita na Ladeira Lopes Trov\u00e3o para ir em dire\u00e7\u00e3o ao Bom Parto.<\/p>\n\n\n\n<p>J\u00e1 os condutores de ve\u00edculos que vierem do Bom Parto pela Rua General Hermes devem efetuar um desvio \u00e0 direita em frente ao Gin\u00e1sio Tenente Madalena. A partir deste trecho, os motoristas dever\u00e3o seguir pela Ladeira Lopes Trov\u00e3o, virar \u00e0 esquerda na Rua Professor Virg\u00ednio de Campos, depois \u00e0 esquerda novamente na Rua Clementino do Monte, em seguida \u00e0 direita no trecho Cepa, por onde dever\u00e1 seguir at\u00e9 encontrar a Rua Miguel Palmeira.<\/p>\n\n\n\n<p>Da Rua Miguel Palmeira, o condutor deve virar \u00e0 esquerda e acessar a Rua Manoel Menezes e dobrar \u00e0 direita na Rua Coronel Lima Rocha. De l\u00e1, deve seguir pela Rua Ricardo C\u00e9sar Melo, at\u00e9 encontrar a Rua Professor Jos\u00e9 da Silva Camerino. Logo ap\u00f3s, o condutor poder\u00e1 virar \u00e0 esquerda na Rua Professor Jos\u00e9 da Silveira Camerino e seguir at\u00e9 a Rua Doutor Passos de Miranda, para ent\u00e3o poder voltar \u00e0 Avenida Major C\u00edcero de G\u00f3es Monteiro e seguir em dire\u00e7\u00e3o ao bairro da Santa Am\u00e9lia; ou caso prefira poder\u00e1 virar \u00e0 direita na Rua Professor Jos\u00e9 da Silveira Camerino para acessar a Avenida Fernandes Lima e seguir at\u00e9 o seu destino final.<\/p>\n\n\n\n<p>Ascom Defesa Civil e Ascom SMTT<\/p>\n","protected":false},"excerpt":{"rendered":"<p>Adotando medidas de salvaguarda da popula\u00e7\u00e3o, a Prefeitura de Macei\u00f3 informa que a partir do pr\u00f3ximo s\u00e1bado<\/p>\n","protected":false},"author":1,"featured_media":13268,"comment_status":"open","ping_status":"open","sticky":false,"template":"","format":"standard","meta":{"footnotes":""},"categories":[60],"tags":[],"class_list":["post-13267","post","type-post","status-publish","format-standard","has-post-thumbnail","hentry","category-capa"],"_links":{"self":[{"href":"https:\/\/4cantosalagoas.com.br\/portal\/wp-json\/wp\/v2\/posts\/13267","targetHints":{"allow":["GET"]}}],"collection":[{"href":"https:\/\/4cantosalagoas.com.br\/portal\/wp-json\/wp\/v2\/posts"}],"about":[{"href":"https:\/\/4cantosalagoas.com.br\/portal\/wp-json\/wp\/v2\/types\/post"}],"author":[{"embeddable":true,"href":"https:\/\/4cantosalagoas.com.br\/portal\/wp-json\/wp\/v2\/users\/1"}],"replies":[{"embeddable":true,"href":"https:\/\/4cantosalagoas.com.br\/portal\/wp-json\/wp\/v2\/comments?post=13267"}],"version-history":[{"count":1,"href":"https:\/\/4cantosalagoas.com.br\/portal\/wp-json\/wp\/v2\/posts\/13267\/revisions"}],"predecessor-version":[{"id":13269,"href":"https:\/\/4cantosalagoas.com.br\/portal\/wp-json\/wp\/v2\/posts\/13267\/revisions\/13269"}],"wp:featuredmedia":[{"embeddable":true,"href":"https:\/\/4cantosalagoas.com.br\/portal\/wp-json\/wp\/v2\/media\/13268"}],"wp:attachment":[{"href":"https:\/\/4cantosalagoas.com.br\/portal\/wp-json\/wp\/v2\/media?parent=13267"}],"wp:term":[{"taxonomy":"category","embeddable":true,"href":"https:\/\/4cantosalagoas.com.br\/portal\/wp-json\/wp\/v2\/categories?post=13267"},{"taxonomy":"post_tag","embeddable":true,"href":"https:\/\/4cantosalagoas.com.br\/portal\/wp-json\/wp\/v2\/tags?post=13267"}],"curies":[{"name":"wp","href":"https:\/\/api.w.org\/{rel}","templated":true}]}}