{"id":13260,"date":"2020-12-07T09:43:05","date_gmt":"2020-12-07T12:43:05","guid":{"rendered":"http:\/\/4cantosalagoas.com.br\/portal\/?p=13260"},"modified":"2020-12-07T09:43:10","modified_gmt":"2020-12-07T12:43:10","slug":"em-acoes-distintas-policia-militar-apreende-armas-em-maceio-craibas-e-tanque-darca","status":"publish","type":"post","link":"https:\/\/4cantosalagoas.com.br\/portal\/em-acoes-distintas-policia-militar-apreende-armas-em-maceio-craibas-e-tanque-darca\/","title":{"rendered":"Em a\u00e7\u00f5es distintas, Pol\u00edcia Militar apreende armas em Macei\u00f3, Cra\u00edbas e Tanque D\u2019Arca"},"content":{"rendered":"\n<figure class=\"wp-block-image\"><img fetchpriority=\"high\" decoding=\"async\" width=\"600\" height=\"331\" src=\"http:\/\/4cantosalagoas.com.br\/portal\/wp-content\/uploads\/2020\/12\/ar.jpg\" alt=\"\" class=\"wp-image-13261\" srcset=\"https:\/\/4cantosalagoas.com.br\/portal\/wp-content\/uploads\/2020\/12\/ar.jpg 600w, https:\/\/4cantosalagoas.com.br\/portal\/wp-content\/uploads\/2020\/12\/ar-300x166.jpg 300w\" sizes=\"(max-width: 600px) 100vw, 600px\" \/><figcaption>Assessoria<\/figcaption><\/figure>\n\n\n\n<p>Durante a\u00e7\u00f5es distintas, equipes da Pol\u00edcia Militar apreenderam armas de fogo nos munic\u00edpios de Macei\u00f3 e Cra\u00edbas, nesse s\u00e1bado (05).&nbsp;J\u00e1 neste domingo (06), houve uma apreens\u00e3o na cidade de Tanque D\u2019Arca.<\/p>\n\n\n\n<p>A primeira ocorr\u00eancia foi registrada por guarni\u00e7\u00f5es do 4\u00ba Batalh\u00e3o da PM na Travessa Calabar, no bairro do Prado, localizado na parte baixa da Capital. Ap\u00f3s den\u00fancias an\u00f4nimas e levantamentos do Servi\u00e7o de Intelig\u00eancia sobre uma poss\u00edvel venda il\u00edcita de armamento, os militares se dirigiram ao local onde seria feita a transa\u00e7\u00e3o e abordaram um homem de 31 anos que estava no ve\u00edculo denunciado.<\/p>\n\n\n\n<p>No ve\u00edculo, as guarni\u00e7\u00f5es encontraram uma mochila e dentro dela estavam uma submetralhadora e seis muni\u00e7\u00f5es, ambas de calibre 9 mm, al\u00e9m de quatro celulares. O infrator e o material il\u00edcito foram levados \u00e0 Central de Flagrantes I, no Farol, onde o indiv\u00edduo foi preso pelo crime de Porte ilegal de arma de fogo.<\/p>\n\n\n\n<p>J\u00e1 em Cra\u00edbas, militares do 3\u00ba BPM prendeu um reeducando do Sistema Prisional de 34 anos de idade. As guarni\u00e7\u00f5es realizavam rondas quando observaram uma grande movimenta\u00e7\u00e3o em um bar. Ao adentrar ao local, o homem tentou se evadir por uma \u00e1rea de mato, pulando cercas, mas foi interceptado logo em seguida. Durante a entrevista policial, o indiv\u00edduo informou que usava tornozeleira eletr\u00f4nica de raio 0, ou seja, n\u00e3o poderia nem sair de sua resid\u00eancia por determina\u00e7\u00e3o judicial.<\/p>\n\n\n\n<p>Ele tamb\u00e9m informou possuir um armamento em sua casa, fato constatado posteriormente, ap\u00f3s autoriza\u00e7\u00e3o da esposa dele para a busca domiciliar. No im\u00f3vel, as guarni\u00e7\u00f5es apreenderam um rev\u00f3lver calibre 38 e seis muni\u00e7\u00f5es, sendo cinco intactas e uma pinada. Diante do fato, o flagrante foi apresentado na Central de Pol\u00edcia de Arapiraca, onde foram tomadas as medidas cab\u00edveis junto \u00e0 Pol\u00edcia Judici\u00e1ria.<\/p>\n\n\n\n<p>Em Tanque D\u2019Arca, militares do Batalh\u00e3o de Pol\u00edcia Rodovi\u00e1ria (BPRv) realizavam patrulhamento de rotina na manh\u00e3 deste domingo quando percebeu algumas pessoas em atitude suspeita dentro de um bar. Ap\u00f3s a abordagem, um homem de 44 anos apresentou estar bastante nervoso e durante a entrevista policial informou ser o dono do estabelecimento. Durante a busca domiciliar, autorizada pelo senhor, as guarni\u00e7\u00f5es encontraram um rev\u00f3lver calibre 38 com tr\u00eas muni\u00e7\u00f5es intactas. Diante do flagrante, o infrator tamb\u00e9m encaminhado \u00e0 Pol\u00edcia Civil de Arapiraca e autuado pelo crime de Posse ilegal de armamento.<\/p>\n\n\n\n<figure class=\"wp-block-image\"><img decoding=\"async\" src=\"http:\/\/www.pm.al.gov.br\/images\/2020\/12_-_Dezembro\/1%C2%BA_a_1512\/06-12-2020-bprv.jpeg\" alt=\"06 12 2020 bprv\"\/><\/figure>\n\n\n\n<p><strong>Viol\u00eancia contra crian\u00e7a<\/strong><\/p>\n\n\n\n<p>Nesse s\u00e1bado (05), ap\u00f3s den\u00fancias, guarni\u00e7\u00f5es do 4\u00ba BPM tamb\u00e9m prenderam uma mulher que estava espancando o pr\u00f3prio filho de seis anos de idade na regi\u00e3o conhecida como Grota do Calango, no bairro Bom Parto, em Macei\u00f3. Ap\u00f3s o flagrante, a m\u00e3e foi levada \u00e0 Central I onde ficou a disposi\u00e7\u00e3o da Justi\u00e7a. O Conselho Tutelar tamb\u00e9m se dirigiu ao local para dar continuidade aos tr\u00e2mites legais em rela\u00e7\u00e3o ao menor.<\/p>\n\n\n\n<p><strong>10\u00ba BPM<\/strong><\/p>\n\n\n\n<p>Guarni\u00e7\u00f5es do 10\u00ba Batalh\u00e3o da PM registraram duas apreens\u00f5es de entorpecentes e duas pris\u00f5es por Embriaguez ao volante. Os condutores embriagados foram presos em a\u00e7\u00f5es distintas no munic\u00edpio de Palmeira dos \u00cdndios, no Agreste do Estado, nesse s\u00e1bado (05). No bairro S\u00e3o Crist\u00f3v\u00e3o, os militares foram acionados ap\u00f3s um acidente de tr\u00e2nsito, onde o infrator, de 39 anos, visivelmente b\u00eabado bateu na traseira de outro carro. Ele se recusou ao teste do etil\u00f4metro e foi encaminhado \u00e0 Central de Pol\u00edcia de Arapiraca, onde fora lavrado o Termo de Constata\u00e7\u00e3o de Embriaguez (TCE).<\/p>\n\n\n\n<p>No bairro Ma\u00e7onaria, ap\u00f3s abordagem a condutor que realizara manobras perigosas, foi verificado que ele n\u00e3o possu\u00eda carteira de habilita\u00e7\u00e3o e apresentava sinais que tinha ingerido bebida alco\u00f3lica. Ele foi conduzido ao posto da Pol\u00edcia Rodovi\u00e1ria Federal (PRF) para a realiza\u00e7\u00e3o do teste do baf\u00f4metro e l\u00e1 foi constatada a embriaguez. Ap\u00f3s o fato, o homem de 31 anos foi levado junto \u00e0 Pol\u00edcia Civil de Arapiraca para a realiza\u00e7\u00e3o dos procedimentos cab\u00edveis.<\/p>\n\n\n\n<p>As apreens\u00f5es de drogas tamb\u00e9m ocorreram em Palmeira dos \u00cdndios. No bairro Vila Maria, nesse s\u00e1bado, os militares prenderam um jovem de 20 anos com tr\u00eas bombinhas de maconha, uma pequena quantidade de maconha in natura, uma marica, um narguil\u00e9 e papel filme. O material estava dentro de uma sacola que o infrator se desfez quando tentou empreender fuga da a\u00e7\u00e3o policial. \u00a0No bairro Cer\u00e2mica, na manh\u00e3 deste domingo (06), um rapaz de 19 anos foi preso com 55 bombinhas de maconha. Os dois envolvidos foram conduzidos \u00e0 delegacia da cidade de Arapiraca para os procedimentos cab\u00edveis.<\/p>\n\n\n\n<p>Assessoria<\/p>\n","protected":false},"excerpt":{"rendered":"<p>Durante a\u00e7\u00f5es distintas, equipes da Pol\u00edcia Militar apreenderam armas de fogo nos munic\u00edpios de Macei\u00f3 e Cra\u00edbas,<\/p>\n","protected":false},"author":1,"featured_media":13261,"comment_status":"open","ping_status":"open","sticky":false,"template":"","format":"standard","meta":{"footnotes":""},"categories":[11],"tags":[],"class_list":["post-13260","post","type-post","status-publish","format-standard","has-post-thumbnail","hentry","category-policia"],"_links":{"self":[{"href":"https:\/\/4cantosalagoas.com.br\/portal\/wp-json\/wp\/v2\/posts\/13260","targetHints":{"allow":["GET"]}}],"collection":[{"href":"https:\/\/4cantosalagoas.com.br\/portal\/wp-json\/wp\/v2\/posts"}],"about":[{"href":"https:\/\/4cantosalagoas.com.br\/portal\/wp-json\/wp\/v2\/types\/post"}],"author":[{"embeddable":true,"href":"https:\/\/4cantosalagoas.com.br\/portal\/wp-json\/wp\/v2\/users\/1"}],"replies":[{"embeddable":true,"href":"https:\/\/4cantosalagoas.com.br\/portal\/wp-json\/wp\/v2\/comments?post=13260"}],"version-history":[{"count":1,"href":"https:\/\/4cantosalagoas.com.br\/portal\/wp-json\/wp\/v2\/posts\/13260\/revisions"}],"predecessor-version":[{"id":13262,"href":"https:\/\/4cantosalagoas.com.br\/portal\/wp-json\/wp\/v2\/posts\/13260\/revisions\/13262"}],"wp:featuredmedia":[{"embeddable":true,"href":"https:\/\/4cantosalagoas.com.br\/portal\/wp-json\/wp\/v2\/media\/13261"}],"wp:attachment":[{"href":"https:\/\/4cantosalagoas.com.br\/portal\/wp-json\/wp\/v2\/media?parent=13260"}],"wp:term":[{"taxonomy":"category","embeddable":true,"href":"https:\/\/4cantosalagoas.com.br\/portal\/wp-json\/wp\/v2\/categories?post=13260"},{"taxonomy":"post_tag","embeddable":true,"href":"https:\/\/4cantosalagoas.com.br\/portal\/wp-json\/wp\/v2\/tags?post=13260"}],"curies":[{"name":"wp","href":"https:\/\/api.w.org\/{rel}","templated":true}]}}