{"id":13247,"date":"2020-12-04T07:19:21","date_gmt":"2020-12-04T10:19:21","guid":{"rendered":"http:\/\/4cantosalagoas.com.br\/portal\/?p=13247"},"modified":"2020-12-04T07:19:27","modified_gmt":"2020-12-04T10:19:27","slug":"policia-civil-prende-homem-suspeito-de-estuprar-filhas-e-sobrinha","status":"publish","type":"post","link":"https:\/\/4cantosalagoas.com.br\/portal\/policia-civil-prende-homem-suspeito-de-estuprar-filhas-e-sobrinha\/","title":{"rendered":"Pol\u00edcia Civil prende homem suspeito de estuprar filhas e sobrinha"},"content":{"rendered":"\n<figure class=\"wp-block-image\"><img fetchpriority=\"high\" decoding=\"async\" width=\"955\" height=\"716\" src=\"http:\/\/4cantosalagoas.com.br\/portal\/wp-content\/uploads\/2019\/02\/imagem-de-pol\u00edcia-civil.jpg\" alt=\"\" class=\"wp-image-6713\" srcset=\"https:\/\/4cantosalagoas.com.br\/portal\/wp-content\/uploads\/2019\/02\/imagem-de-pol\u00edcia-civil.jpg 955w, https:\/\/4cantosalagoas.com.br\/portal\/wp-content\/uploads\/2019\/02\/imagem-de-pol\u00edcia-civil-300x225.jpg 300w, https:\/\/4cantosalagoas.com.br\/portal\/wp-content\/uploads\/2019\/02\/imagem-de-pol\u00edcia-civil-768x576.jpg 768w, https:\/\/4cantosalagoas.com.br\/portal\/wp-content\/uploads\/2019\/02\/imagem-de-pol\u00edcia-civil-375x281.jpg 375w, https:\/\/4cantosalagoas.com.br\/portal\/wp-content\/uploads\/2019\/02\/imagem-de-pol\u00edcia-civil-465x349.jpg 465w, https:\/\/4cantosalagoas.com.br\/portal\/wp-content\/uploads\/2019\/02\/imagem-de-pol\u00edcia-civil-667x500.jpg 667w\" sizes=\"(max-width: 955px) 100vw, 955px\" \/><figcaption>Assessoria<\/figcaption><\/figure>\n\n\n\n<p>Policiais civis da Delegacia Especializada dos crimes Contra a Crian\u00e7a e o Adolescente (DCCCA) prenderam no in\u00edcio da manh\u00e3 desta quinta-feira (3) um estuprador de crian\u00e7as.<\/p>\n\n\n\n<p>De acordo com a delegada Adriana Gusm\u00e3o, titular da DCCCA, o autor tem 43 anos, e foi preso por pr\u00e1tica de estupro contra as duas filhas biol\u00f3gicas e a sobrinha.<\/p>\n\n\n\n<p>Ela disse ainda que as filhas eram abusadas desde quando tinham entre 7 e 10 anos de idade.<\/p>\n\n\n\n<p>\u201cA primeira v\u00edtima, que teve coragem de denunciar foi a sobrinha, a qual ao falar para m\u00e3e, esta contou a irm\u00e3, foi quando as filhas emocionadas revelaram que&nbsp; eram abusadas h\u00e1 anos. O autor mantinha conjun\u00e7\u00e3o carnal com as filhas, dentre outros atos libidinosos\u201d, revelou a delegada.<\/p>\n\n\n\n<p>O autor do crime foi preso pela equipe da Delegacia Especializada, no bairro do Prado, nesta capital.<\/p>\n\n\n\n<p>Assessoria<\/p>\n","protected":false},"excerpt":{"rendered":"<p>Policiais civis da Delegacia Especializada dos crimes Contra a Crian\u00e7a e o Adolescente (DCCCA) prenderam no in\u00edcio<\/p>\n","protected":false},"author":1,"featured_media":6713,"comment_status":"open","ping_status":"open","sticky":false,"template":"","format":"standard","meta":{"footnotes":""},"categories":[60],"tags":[],"class_list":["post-13247","post","type-post","status-publish","format-standard","has-post-thumbnail","hentry","category-capa"],"_links":{"self":[{"href":"https:\/\/4cantosalagoas.com.br\/portal\/wp-json\/wp\/v2\/posts\/13247","targetHints":{"allow":["GET"]}}],"collection":[{"href":"https:\/\/4cantosalagoas.com.br\/portal\/wp-json\/wp\/v2\/posts"}],"about":[{"href":"https:\/\/4cantosalagoas.com.br\/portal\/wp-json\/wp\/v2\/types\/post"}],"author":[{"embeddable":true,"href":"https:\/\/4cantosalagoas.com.br\/portal\/wp-json\/wp\/v2\/users\/1"}],"replies":[{"embeddable":true,"href":"https:\/\/4cantosalagoas.com.br\/portal\/wp-json\/wp\/v2\/comments?post=13247"}],"version-history":[{"count":1,"href":"https:\/\/4cantosalagoas.com.br\/portal\/wp-json\/wp\/v2\/posts\/13247\/revisions"}],"predecessor-version":[{"id":13248,"href":"https:\/\/4cantosalagoas.com.br\/portal\/wp-json\/wp\/v2\/posts\/13247\/revisions\/13248"}],"wp:featuredmedia":[{"embeddable":true,"href":"https:\/\/4cantosalagoas.com.br\/portal\/wp-json\/wp\/v2\/media\/6713"}],"wp:attachment":[{"href":"https:\/\/4cantosalagoas.com.br\/portal\/wp-json\/wp\/v2\/media?parent=13247"}],"wp:term":[{"taxonomy":"category","embeddable":true,"href":"https:\/\/4cantosalagoas.com.br\/portal\/wp-json\/wp\/v2\/categories?post=13247"},{"taxonomy":"post_tag","embeddable":true,"href":"https:\/\/4cantosalagoas.com.br\/portal\/wp-json\/wp\/v2\/tags?post=13247"}],"curies":[{"name":"wp","href":"https:\/\/api.w.org\/{rel}","templated":true}]}}