{"id":13236,"date":"2020-12-03T08:37:08","date_gmt":"2020-12-03T11:37:08","guid":{"rendered":"http:\/\/4cantosalagoas.com.br\/portal\/?p=13236"},"modified":"2020-12-03T08:37:14","modified_gmt":"2020-12-03T11:37:14","slug":"plano-da-primeira-infancia-sera-lancado-nesta-sexta-feira-04","status":"publish","type":"post","link":"https:\/\/4cantosalagoas.com.br\/portal\/plano-da-primeira-infancia-sera-lancado-nesta-sexta-feira-04\/","title":{"rendered":"Plano da Primeira Inf\u00e2ncia ser\u00e1 lan\u00e7ado nesta sexta-feira (04)"},"content":{"rendered":"\n<figure class=\"wp-block-image\"><img fetchpriority=\"high\" decoding=\"async\" width=\"776\" height=\"749\" src=\"http:\/\/4cantosalagoas.com.br\/portal\/wp-content\/uploads\/2020\/12\/17.jpg\" alt=\"\" class=\"wp-image-13237\" srcset=\"https:\/\/4cantosalagoas.com.br\/portal\/wp-content\/uploads\/2020\/12\/17.jpg 776w, https:\/\/4cantosalagoas.com.br\/portal\/wp-content\/uploads\/2020\/12\/17-300x290.jpg 300w, https:\/\/4cantosalagoas.com.br\/portal\/wp-content\/uploads\/2020\/12\/17-768x741.jpg 768w\" sizes=\"(max-width: 776px) 100vw, 776px\" \/><figcaption>Assessoria<\/figcaption><\/figure>\n\n\n\n<p>Nessa sexta-feira (04), ser\u00e1 lan\u00e7ado o Plano da Primeira Inf\u00e2ncia. O evento ser\u00e1 no canal do Youtube da Secretaria Municipal de Educa\u00e7\u00e3o (Semed) e integra a programa\u00e7\u00e3o da \u201cVI Semana do Beb\u00ea\u201d, iniciativa realizada em parceria com o Fundo Internacional de Emerg\u00eancia das Na\u00e7\u00f5es Unidas para a Inf\u00e2ncia (Unicef), da Plataforma dos Centros Urbanos (PCU) e da Rede Municipal de Educa\u00e7\u00e3o.<\/p>\n\n\n\n<p>Participar\u00e3o do evento a secret\u00e1ria municipal de Educa\u00e7\u00e3o, Ana Dayse Dorea, a assessora especial da Semed, Rita Ippolito e o assessor da Organiza\u00e7\u00e3o Mundial para a Educa\u00e7\u00e3o Pr\u00e9-Escolar, Vital Didonet. O evento ter\u00e1 media\u00e7\u00e3o do diretor de Gest\u00e3o Educacional, Roberval Ferreira.<\/p>\n\n\n\n<p>O plano da Primeira Inf\u00e2ncia \u00e9 um projeto multissetorial que envolve v\u00e1rias secretarias, que em conjunto cuidam das politicas p\u00fablicas do Munic\u00edpio. S\u00e3o metas estrat\u00e9gicas com a\u00e7\u00f5es de prote\u00e7\u00e3o e cuidados da Primeira Inf\u00e2ncia. Segundo a coordenadora de Educa\u00e7\u00e3o Infantil da Semed, Angelina Ara\u00fajo, a divulga\u00e7\u00e3o do lan\u00e7amento desse Plano, em conjunto com a comunidade e sua apresenta\u00e7\u00e3o dentro da VI Semana do Beb\u00ea, estabelece a import\u00e2ncia e a visibilidade da Primeira Inf\u00e2ncia.<\/p>\n\n\n\n<p>\u201cOs objetivos seguem quatro eixos: direito \u00e0 educa\u00e7\u00e3o, \u00e0 prote\u00e7\u00e3o, \u00e0 vida e a sa\u00fade e direito \u00e0 brincadeira. S\u00e3os estes os pilares fundamentais que constituem o Plano, visando o estabelecimento do bem-estar dessa faixa et\u00e1ria para o desenvolvimento das demais fases da vida\u201d, disse.<\/p>\n\n\n\n<p>Nathan Araujo (estagi\u00e1rio)\/ Ascom Semed<\/p>\n","protected":false},"excerpt":{"rendered":"<p>Nessa sexta-feira (04), ser\u00e1 lan\u00e7ado o Plano da Primeira Inf\u00e2ncia. O evento ser\u00e1 no canal do Youtube<\/p>\n","protected":false},"author":1,"featured_media":13237,"comment_status":"open","ping_status":"open","sticky":false,"template":"","format":"standard","meta":{"footnotes":""},"categories":[5],"tags":[],"class_list":["post-13236","post","type-post","status-publish","format-standard","has-post-thumbnail","hentry","category-maceio"],"_links":{"self":[{"href":"https:\/\/4cantosalagoas.com.br\/portal\/wp-json\/wp\/v2\/posts\/13236","targetHints":{"allow":["GET"]}}],"collection":[{"href":"https:\/\/4cantosalagoas.com.br\/portal\/wp-json\/wp\/v2\/posts"}],"about":[{"href":"https:\/\/4cantosalagoas.com.br\/portal\/wp-json\/wp\/v2\/types\/post"}],"author":[{"embeddable":true,"href":"https:\/\/4cantosalagoas.com.br\/portal\/wp-json\/wp\/v2\/users\/1"}],"replies":[{"embeddable":true,"href":"https:\/\/4cantosalagoas.com.br\/portal\/wp-json\/wp\/v2\/comments?post=13236"}],"version-history":[{"count":1,"href":"https:\/\/4cantosalagoas.com.br\/portal\/wp-json\/wp\/v2\/posts\/13236\/revisions"}],"predecessor-version":[{"id":13238,"href":"https:\/\/4cantosalagoas.com.br\/portal\/wp-json\/wp\/v2\/posts\/13236\/revisions\/13238"}],"wp:featuredmedia":[{"embeddable":true,"href":"https:\/\/4cantosalagoas.com.br\/portal\/wp-json\/wp\/v2\/media\/13237"}],"wp:attachment":[{"href":"https:\/\/4cantosalagoas.com.br\/portal\/wp-json\/wp\/v2\/media?parent=13236"}],"wp:term":[{"taxonomy":"category","embeddable":true,"href":"https:\/\/4cantosalagoas.com.br\/portal\/wp-json\/wp\/v2\/categories?post=13236"},{"taxonomy":"post_tag","embeddable":true,"href":"https:\/\/4cantosalagoas.com.br\/portal\/wp-json\/wp\/v2\/tags?post=13236"}],"curies":[{"name":"wp","href":"https:\/\/api.w.org\/{rel}","templated":true}]}}