{"id":13234,"date":"2020-12-03T08:25:29","date_gmt":"2020-12-03T11:25:29","guid":{"rendered":"http:\/\/4cantosalagoas.com.br\/portal\/?p=13234"},"modified":"2020-12-03T08:25:36","modified_gmt":"2020-12-03T11:25:36","slug":"veja-a-programacao-natal-dos-folguedos-abre-comemoracoes-de-fim-de-ano-em-maceio","status":"publish","type":"post","link":"https:\/\/4cantosalagoas.com.br\/portal\/veja-a-programacao-natal-dos-folguedos-abre-comemoracoes-de-fim-de-ano-em-maceio\/","title":{"rendered":"Veja a programa\u00e7\u00e3o: Natal dos Folguedos abre comemora\u00e7\u00f5es de fim de ano em Macei\u00f3"},"content":{"rendered":"\n<figure class=\"wp-block-image\"><img fetchpriority=\"high\" decoding=\"async\" width=\"1024\" height=\"683\" src=\"http:\/\/4cantosalagoas.com.br\/portal\/wp-content\/uploads\/2018\/12\/cafsrsda-1024x683.jpg\" alt=\"\" class=\"wp-image-5917\" srcset=\"https:\/\/4cantosalagoas.com.br\/portal\/wp-content\/uploads\/2018\/12\/cafsrsda.jpg 1024w, https:\/\/4cantosalagoas.com.br\/portal\/wp-content\/uploads\/2018\/12\/cafsrsda-300x200.jpg 300w, https:\/\/4cantosalagoas.com.br\/portal\/wp-content\/uploads\/2018\/12\/cafsrsda-768x512.jpg 768w, https:\/\/4cantosalagoas.com.br\/portal\/wp-content\/uploads\/2018\/12\/cafsrsda-375x250.jpg 375w, https:\/\/4cantosalagoas.com.br\/portal\/wp-content\/uploads\/2018\/12\/cafsrsda-465x310.jpg 465w, https:\/\/4cantosalagoas.com.br\/portal\/wp-content\/uploads\/2018\/12\/cafsrsda-695x464.jpg 695w, https:\/\/4cantosalagoas.com.br\/portal\/wp-content\/uploads\/2018\/12\/cafsrsda-272x182.jpg 272w\" sizes=\"(max-width: 1024px) 100vw, 1024px\" \/><figcaption>Natal dos Folguedos aproxima a cultura popular de turistas e moradores de Macei\u00f3. Foto: Pei Fon\/ Secom Macei\u00f3<\/figcaption><\/figure>\n\n\n\n<p><strong><em>Evento seguir\u00e1 Protocolo de Biosseguran\u00e7a<\/em><\/strong><strong><em>elaborado especificamente para o evento<\/em><\/strong><\/p>\n\n\n\n<p>A Prefeitura de Macei\u00f3, por meio da Funda\u00e7\u00e3o Municipal de A\u00e7\u00e3o Cultural (Fmac) e da Secretaria Municipal de Turismo e Lazer (Semtel), j\u00e1 definiu a programa\u00e7\u00e3o da quarta edi\u00e7\u00e3o do projeto Natal dos Folguedos, que, desde 2017, encanta o p\u00fablico local e turistas com as manifesta\u00e7\u00f5es culturais locais.<\/p>\n\n\n\n<p>H\u00e1 quatro anos, o festejo abre a alta temporada tur\u00edstica na capital alagoana e foi incorporado \u00e0 programa\u00e7\u00e3o de fim de ano, reunindo a beleza dos tradicionais folguedos populares, com seus brilhos, sons, dan\u00e7as, cores e trajes, a gastronomia diversificada e o genu\u00edno artesanato alagoano.<\/p>\n\n\n\n<p>Em reuni\u00e3o na ter\u00e7a-feira (1\u00ba), com representantes das Secretarias Municipais de Turismo e Lazer (Semtel), de Seguran\u00e7a Comunit\u00e1ria e Conv\u00edvio Social (SEMSCS) e de Desenvolvimento Sustent\u00e1vel (Sudes), al\u00e9m das Superintend\u00eancias Municipais de Transporte e Tr\u00e2nsito (SMTT) e de Ilumina\u00e7\u00e3o P\u00fablica (Sima), na sede da Fmac, foram discutidos os \u00faltimos detalhes para a realiza\u00e7\u00e3o dos festejos.<\/p>\n\n\n\n<p>Este ano, o Natal dos Folguedos obedecer\u00e1 todas as normas sanit\u00e1rias estabelecidas pelos \u00f3rg\u00e3os oficiais de sa\u00fade e pelos decretos Estadual e Municipal de preven\u00e7\u00e3o \u00e0 Covid-19, bem como \u00e0s regras de distanciamento, higieniza\u00e7\u00e3o e limita\u00e7\u00e3o de p\u00fablico previstas no Protocolo de Biosseguran\u00e7a (confira&nbsp;<strong><a href=\"https:\/\/drive.google.com\/file\/d\/1np84B6r5kV8S5Z_FvgDAO8p2IS_-UJig\/view?usp=sharing\">aqui<\/a><\/strong>), elaborado especificamente para o evento. Nesta quarta edi\u00e7\u00e3o n\u00e3o ser\u00e1 realizado o cortejo cultural, que no ano passado arrastou centenas de brincantes pela orla da capital.<\/p>\n\n\n\n<p>A programa\u00e7\u00e3o tem in\u00edcio na sexta-feira (04) e prossegue at\u00e9 o dia 20 de dezembro, a partir das 18h, na Pra\u00e7a Multieventos, na praia da Paju\u00e7ara, com a tradicional feira gastron\u00f4mica, apresenta\u00e7\u00f5es de coco de roda, pastoril, fandango, bumba meu boi, guerreiro, baianas, ciranda, samba de roda, bandas de p\u00edfanos, grupos afros, artistas e bandas locais, al\u00e9m de outras atra\u00e7\u00f5es.<\/p>\n\n\n\n<p>J\u00e1 confirmaram presen\u00e7a os m\u00fasicos Ti\u00e3o Marcolino, Eliezer e Jaques Setton, Lula Sabi\u00e1, Xameguinho, Wilma Ara\u00fajo, Elaine Kudera, Chau do Pife e Fernanda Guimar\u00e3es. Nas sextas e s\u00e1bados tamb\u00e9m ter\u00e1 proje\u00e7\u00e3o mapeada, \u00e0s 20h, uma atra\u00e7\u00e3o \u00e0 parte para quem for prestigiar o evento.<\/p>\n\n\n\n<p>O melhor da culin\u00e1ria ter\u00e1 lugar especial com a tradicional feira gastron\u00f4mica a pre\u00e7os populares, promovida pela Associa\u00e7\u00e3o Brasileira de Bares e Restaurantes (Abrasel), com a participa\u00e7\u00e3o de 11 empresas associadas: Rota 82, Papa Fritas, Budega da Macaxeira, Maria Coxinha, A\u00e7a\u00ed Brasil, Sucreepe, Lud House, In Natura, Caatinga Rocks, Hop Bros e Lira\u2019s Burguer.<\/p>\n\n\n\n<p>A programa\u00e7\u00e3o inclui ainda venda de artesanato, Casa do Papai Noel, Espa\u00e7o Kids e ilumina\u00e7\u00e3o tem\u00e1tica, um espet\u00e1culo de cores e luzes que torna a cidade ainda mais bela.<\/p>\n\n\n\n<p>O Natal dos Folguedos 2020 conta com patroc\u00ednio do Servi\u00e7o de Apoio \u00e0s Micro e Pequenas Empresas (Sebrae\/AL) e apoio da Associa\u00e7\u00e3o Brasileira de Bares e Restaurantes em Alagoas (Abrasel-AL), Associa\u00e7\u00e3o Brasileira da Ind\u00fastria de Hot\u00e9is em Alagoas (ABIH-AL) e Macei\u00f3 Convention &amp; Visitors Bureau (MC&amp;VB).<\/p>\n\n\n\n<p><strong>Confira a programa\u00e7\u00e3o<\/strong><\/p>\n\n\n\n<p><strong>04\/12 (Sexta-feira)<\/strong><\/p>\n\n\n\n<p>19h \u2013 Proje\u00e7\u00e3o Mapeada<\/p>\n\n\n\n<p>&nbsp; Ti\u00e3o Marcolino<\/p>\n\n\n\n<p>20h \u2013 Fandango do Pontal e Coco de Roda Xique Xique<\/p>\n\n\n\n<p>21h \u2013 Mel Nascimento<\/p>\n\n\n\n<p><strong>05\/12 (S\u00e1bado)<\/strong><\/p>\n\n\n\n<p>19h \u2013 Lula Sabi\u00e1<\/p>\n\n\n\n<p>20h \u2013 Proje\u00e7\u00e3o Mapeada<\/p>\n\n\n\n<p>Boi Treme Terra e Guerreiro Mensageiro de Padre C\u00edcero<\/p>\n\n\n\n<p>21h \u2013 Jaques Setton<\/p>\n\n\n\n<p><strong>06\/12 (Domingo)<\/strong><\/p>\n\n\n\n<p>19h \u2013 Xameguinho<\/p>\n\n\n\n<p>20h \u2013 Baianas Mensageiras de Santa Luzia e Coco de Roda Los Coquitos<\/p>\n\n\n\n<p>21h \u2013 Abanos do Forr\u00f3<\/p>\n\n\n\n<p><strong>09\/12 (Quarta-feira)<\/strong><\/p>\n\n\n\n<p>19h \u2013 Val Bocca<\/p>\n\n\n\n<p>20h \u2013 Boi Drag\u00e3o Kids e Cirandeiras Alagoanas<\/p>\n\n\n\n<p>21h \u2013 Joelson dos 8 Baixos<\/p>\n\n\n\n<p><strong>10\/12 (Quinta-feira)<\/strong><\/p>\n\n\n\n<p>19h \u2013 Lara Melo<\/p>\n\n\n\n<p>20h \u2013 Baianas Ganga Zumba e Taieiras Alagoana<\/p>\n\n\n\n<p>21h \u2013 Nara Cordeiro<\/p>\n\n\n\n<p><strong>11\/12 (Sexta-feira)<\/strong><\/p>\n\n\n\n<p>19h \u2013 Sandoval do Forr\u00f3<\/p>\n\n\n\n<p>20h \u2013 Proje\u00e7\u00e3o Mapeada<\/p>\n\n\n\n<p>Coco de Roda Reis dos Canga\u00e7o e Samba Show Gavi\u00f5es da Paju\u00e7ara<\/p>\n\n\n\n<p>21h \u2013 Gabriel Henrique &amp; Matheus<\/p>\n\n\n\n<p><strong>12\/12 (S\u00e1bado)<\/strong><\/p>\n\n\n\n<p>19h \u2013 Gil Neves<\/p>\n\n\n\n<p>20h \u2013 Proje\u00e7\u00e3o Mapeada<\/p>\n\n\n\n<p>Guerreiro S\u00e3o Pedro Alagoano e Pastoril Estrela de Bel\u00e9m<\/p>\n\n\n\n<p>21h \u2013 Igbonan Rocha<\/p>\n\n\n\n<p><strong>13\/12 (Domingo)<\/strong><\/p>\n\n\n\n<p>19h \u2013 Rog\u00e9rio Nic\u00e1cio<\/p>\n\n\n\n<p>20h \u2013 Boi For\u00e7a Bruta e Coco de Roda Reviver<\/p>\n\n\n\n<p>21h \u2013 Eliezer Setton<\/p>\n\n\n\n<p><strong>16\/12 (Quarta-feira)<\/strong><\/p>\n\n\n\n<p>19h \u2013 Fidellis e Cabroeira<\/p>\n\n\n\n<p>20h \u2013 Coco de Roda Catol\u00e9 e Pastoril Sagrado Cora\u00e7\u00e3o de Jesus<\/p>\n\n\n\n<p>21h \u2013 Kel Monalisa<\/p>\n\n\n\n<p><strong>17\/12 (Quinta-feira)<\/strong><\/p>\n\n\n\n<p>19h \u2013 Irineu Nic\u00e1cio<\/p>\n\n\n\n<p>20h \u2013 Boi Bumba Alagoano e Samba de Roda K\u2019Pos\u00fa Bet\u00e1<\/p>\n\n\n\n<p>21h \u2013 Tamboricas<\/p>\n\n\n\n<p><strong>18\/12 (Sexta-feira)<\/strong><\/p>\n\n\n\n<p>19h \u2013 Lucy Muritiba<\/p>\n\n\n\n<p>20h \u2013 Proje\u00e7\u00e3o Mapeada<\/p>\n\n\n\n<p>Coco de Roda Paix\u00e3o Nordestina e Afox\u00e9 Odo Iy\u00e1<\/p>\n\n\n\n<p>21h \u2013 Wilma Ara\u00fajo<\/p>\n\n\n\n<p><strong>19\/12 (S\u00e1bado)<\/strong><\/p>\n\n\n\n<p>19h \u2013 Elaine Kundera<\/p>\n\n\n\n<p>20h \u2013 Proje\u00e7\u00e3o Mapeada<\/p>\n\n\n\n<p>Guerreiro Vencedor Alagoano e Banda de P\u00edfano Flor do Nordeste<\/p>\n\n\n\n<p>21h \u2013 Chau do Pife<\/p>\n\n\n\n<p><strong>20\/12 (Domingo)<\/strong><\/p>\n\n\n\n<p>19h \u2013 Cai Dentro<\/p>\n\n\n\n<p>20h \u2013 Boi Ax\u00e9 e Junina Santa F\u00e9<\/p>\n\n\n\n<p>21h \u2013 Fernanda Guimar\u00e3es<\/p>\n\n\n\n<p><strong><em>Por Soraya Leite \/Ascom FMAC<\/em><\/strong><\/p>\n","protected":false},"excerpt":{"rendered":"<p>Evento seguir\u00e1 Protocolo de Biosseguran\u00e7aelaborado especificamente para o evento A Prefeitura de Macei\u00f3, por meio da Funda\u00e7\u00e3o<\/p>\n","protected":false},"author":1,"featured_media":5917,"comment_status":"open","ping_status":"open","sticky":false,"template":"","format":"standard","meta":{"footnotes":""},"categories":[60],"tags":[],"class_list":["post-13234","post","type-post","status-publish","format-standard","has-post-thumbnail","hentry","category-capa"],"_links":{"self":[{"href":"https:\/\/4cantosalagoas.com.br\/portal\/wp-json\/wp\/v2\/posts\/13234","targetHints":{"allow":["GET"]}}],"collection":[{"href":"https:\/\/4cantosalagoas.com.br\/portal\/wp-json\/wp\/v2\/posts"}],"about":[{"href":"https:\/\/4cantosalagoas.com.br\/portal\/wp-json\/wp\/v2\/types\/post"}],"author":[{"embeddable":true,"href":"https:\/\/4cantosalagoas.com.br\/portal\/wp-json\/wp\/v2\/users\/1"}],"replies":[{"embeddable":true,"href":"https:\/\/4cantosalagoas.com.br\/portal\/wp-json\/wp\/v2\/comments?post=13234"}],"version-history":[{"count":1,"href":"https:\/\/4cantosalagoas.com.br\/portal\/wp-json\/wp\/v2\/posts\/13234\/revisions"}],"predecessor-version":[{"id":13235,"href":"https:\/\/4cantosalagoas.com.br\/portal\/wp-json\/wp\/v2\/posts\/13234\/revisions\/13235"}],"wp:featuredmedia":[{"embeddable":true,"href":"https:\/\/4cantosalagoas.com.br\/portal\/wp-json\/wp\/v2\/media\/5917"}],"wp:attachment":[{"href":"https:\/\/4cantosalagoas.com.br\/portal\/wp-json\/wp\/v2\/media?parent=13234"}],"wp:term":[{"taxonomy":"category","embeddable":true,"href":"https:\/\/4cantosalagoas.com.br\/portal\/wp-json\/wp\/v2\/categories?post=13234"},{"taxonomy":"post_tag","embeddable":true,"href":"https:\/\/4cantosalagoas.com.br\/portal\/wp-json\/wp\/v2\/tags?post=13234"}],"curies":[{"name":"wp","href":"https:\/\/api.w.org\/{rel}","templated":true}]}}