{"id":13165,"date":"2020-11-24T18:02:07","date_gmt":"2020-11-24T21:02:07","guid":{"rendered":"http:\/\/4cantosalagoas.com.br\/portal\/?p=13165"},"modified":"2020-11-24T18:02:13","modified_gmt":"2020-11-24T21:02:13","slug":"universitarias-fazem-mini-documentario-sobre-a-criminalistica-nos-crimes-de-violencia-contra-a-mulher","status":"publish","type":"post","link":"https:\/\/4cantosalagoas.com.br\/portal\/universitarias-fazem-mini-documentario-sobre-a-criminalistica-nos-crimes-de-violencia-contra-a-mulher\/","title":{"rendered":"Universit\u00e1rias fazem m\u00edni document\u00e1rio sobre a Criminal\u00edstica nos crimes de viol\u00eancia contra a mulher"},"content":{"rendered":"\n<figure class=\"wp-block-image\"><img fetchpriority=\"high\" decoding=\"async\" width=\"1188\" height=\"793\" src=\"https:\/\/i0.wp.com\/4cantosalagoas.com.br\/portal\/wp-content\/uploads\/2020\/11\/b3.jpg?fit=1024%2C684\" alt=\"\" class=\"wp-image-13166\" srcset=\"https:\/\/4cantosalagoas.com.br\/portal\/wp-content\/uploads\/2020\/11\/b3.jpg 1188w, https:\/\/4cantosalagoas.com.br\/portal\/wp-content\/uploads\/2020\/11\/b3-300x200.jpg 300w, https:\/\/4cantosalagoas.com.br\/portal\/wp-content\/uploads\/2020\/11\/b3-768x513.jpg 768w, https:\/\/4cantosalagoas.com.br\/portal\/wp-content\/uploads\/2020\/11\/b3-1024x684.jpg 1024w\" sizes=\"(max-width: 1188px) 100vw, 1188px\" \/><figcaption>Divulga\u00e7\u00e3o<\/figcaption><\/figure>\n\n\n\n<p>As alunas Laila Cavalcante e B\u00e1rbara \u00c1villa do curso de Publicidade e Propaganda do Centro Universit\u00e1rio Tiradentes (Unit) iniciaram hoje (24), a grava\u00e7\u00e3o de um m\u00edni document\u00e1rio na Per\u00edcia Oficial de Alagoas (Poal). O filme buscar\u00e1 mostrar o trabalho realizado pelos peritos criminais no esclarecimento de crimes de viol\u00eancia contra a mulher.&nbsp;<\/p>\n\n\n\n<p>Laila que est\u00e1 concluindo o 8\u00ba per\u00edodo e B\u00e1rbara que est\u00e1 no sexto, explicaram que o m\u00edni document\u00e1rio ser\u00e1 o trabalho final da disciplina Oficina de TV e Cinema. O interesse das estudantes pelo tema surgiu com o aumento de divulga\u00e7\u00e3o de casos de viol\u00eancia e a curiosidade em saber o que era feito no Estado para identificar e penalizar os autores de crimes como feminicidios e estupros.&nbsp;<\/p>\n\n\n\n<p>Para entender todo o processo, as universit\u00e1rias fizeram uma imers\u00e3o nas atribui\u00e7\u00f5es no Instituto de Criminal\u00edstica. Elas conheceram peritos criminais e pegaram depoimentos das atividades periciais de cunho forense que eles desenvolvem nos locais de crimes na busca por vest\u00edgios, nos exames realizados nos Laborat\u00f3rios do IC, at\u00e9 a elabora\u00e7\u00e3o do laudo final.&nbsp;<\/p>\n\n\n\n<p>\u201cIniciamos o projeto fazendo o roteiro e estudando sobre o tema. Agora iniciamos a parte pr\u00e1tica que \u00e9 gravar os relatos dos profissionais. Queremos trazer visibilidade dos casos de viol\u00eancia contra mulher, um assunto que tem sido muito abordado recentemente, e mostrar para a popula\u00e7\u00e3o que existe um \u00f3rg\u00e3o independente, onde profissionais atuam para combater a impunidade\u201d, explicou a estudante Laila Cavalcante.&nbsp;<\/p>\n\n\n\n<p>Al\u00e9m do Perito Geral da POAL, Manoel Melo, para tratar os perfis dos profissionais, as estudantes entrevistaram v\u00e1rios peritos criminais. Entre eles, a chefe do Laborat\u00f3rio Forense Rosana Coutinho, Milena Testa do Laborat\u00f3rio de Microvest\u00edgios, L\u00eddia Tarchetti do laborat\u00f3rio de Documentoscopia e Suely Maur\u00edcio da bal\u00edstica e tamb\u00e9m da per\u00edcia externa (local de crime)&nbsp;<\/p>\n\n\n\n<p>\u201cSenti-me muito feliz em participar da grava\u00e7\u00e3o desse trabalho, visto que o tema e de suma relev\u00e2ncia para a sociedade. Tamb\u00e9m \u00e9 muito interessante que as novas gera\u00e7\u00f5es, sobretudo a parcela dela que tem acesso \u00e0 educa\u00e7\u00e3o, como a comunidade acad\u00eamica, tenha esse interesse pelo tema per\u00edcia oficial e sua vincula\u00e7\u00e3o direta no combate \u00e0 viol\u00eancia, notadamente, no caso em tela da viol\u00eancia contra a mulher. \u201d&nbsp;<\/p>\n\n\n\n<p>Ap\u00f3s a grava\u00e7\u00e3o dos depoimentos e dos laborat\u00f3rios em funcionamento, as estudantes ir\u00e3o se dedicar a edi\u00e7\u00e3o do m\u00edni document\u00e1rio. A expectativa \u00e9 que at\u00e9 o final do ano o material esteja pronto para apresenta\u00e7\u00e3o e divulga\u00e7\u00e3o.\u00a0<\/p>\n\n\n\n<p>Assessoria<\/p>\n","protected":false},"excerpt":{"rendered":"<p>As alunas Laila Cavalcante e B\u00e1rbara \u00c1villa do curso de Publicidade e Propaganda do Centro Universit\u00e1rio Tiradentes<\/p>\n","protected":false},"author":1,"featured_media":13166,"comment_status":"open","ping_status":"open","sticky":false,"template":"","format":"standard","meta":{"footnotes":""},"categories":[60],"tags":[],"class_list":["post-13165","post","type-post","status-publish","format-standard","has-post-thumbnail","hentry","category-capa"],"_links":{"self":[{"href":"https:\/\/4cantosalagoas.com.br\/portal\/wp-json\/wp\/v2\/posts\/13165","targetHints":{"allow":["GET"]}}],"collection":[{"href":"https:\/\/4cantosalagoas.com.br\/portal\/wp-json\/wp\/v2\/posts"}],"about":[{"href":"https:\/\/4cantosalagoas.com.br\/portal\/wp-json\/wp\/v2\/types\/post"}],"author":[{"embeddable":true,"href":"https:\/\/4cantosalagoas.com.br\/portal\/wp-json\/wp\/v2\/users\/1"}],"replies":[{"embeddable":true,"href":"https:\/\/4cantosalagoas.com.br\/portal\/wp-json\/wp\/v2\/comments?post=13165"}],"version-history":[{"count":1,"href":"https:\/\/4cantosalagoas.com.br\/portal\/wp-json\/wp\/v2\/posts\/13165\/revisions"}],"predecessor-version":[{"id":13167,"href":"https:\/\/4cantosalagoas.com.br\/portal\/wp-json\/wp\/v2\/posts\/13165\/revisions\/13167"}],"wp:featuredmedia":[{"embeddable":true,"href":"https:\/\/4cantosalagoas.com.br\/portal\/wp-json\/wp\/v2\/media\/13166"}],"wp:attachment":[{"href":"https:\/\/4cantosalagoas.com.br\/portal\/wp-json\/wp\/v2\/media?parent=13165"}],"wp:term":[{"taxonomy":"category","embeddable":true,"href":"https:\/\/4cantosalagoas.com.br\/portal\/wp-json\/wp\/v2\/categories?post=13165"},{"taxonomy":"post_tag","embeddable":true,"href":"https:\/\/4cantosalagoas.com.br\/portal\/wp-json\/wp\/v2\/tags?post=13165"}],"curies":[{"name":"wp","href":"https:\/\/api.w.org\/{rel}","templated":true}]}}