{"id":13163,"date":"2020-11-24T07:50:58","date_gmt":"2020-11-24T10:50:58","guid":{"rendered":"http:\/\/4cantosalagoas.com.br\/portal\/?p=13163"},"modified":"2020-11-24T07:51:04","modified_gmt":"2020-11-24T10:51:04","slug":"4-mortes-alagoas-tem-93-569-casos-da-covid-19-e-2-321-obitos","status":"publish","type":"post","link":"https:\/\/4cantosalagoas.com.br\/portal\/4-mortes-alagoas-tem-93-569-casos-da-covid-19-e-2-321-obitos\/","title":{"rendered":"4 mortes: Alagoas tem 93.569 casos da Covid-19 e 2.321 \u00f3bitos"},"content":{"rendered":"\n<figure class=\"wp-block-image\"><img fetchpriority=\"high\" decoding=\"async\" width=\"496\" height=\"577\" src=\"http:\/\/4cantosalagoas.com.br\/portal\/wp-content\/uploads\/2020\/03\/corona.jpg\" alt=\"\" class=\"wp-image-10779\" srcset=\"https:\/\/4cantosalagoas.com.br\/portal\/wp-content\/uploads\/2020\/03\/corona.jpg 496w, https:\/\/4cantosalagoas.com.br\/portal\/wp-content\/uploads\/2020\/03\/corona-258x300.jpg 258w\" sizes=\"(max-width: 496px) 100vw, 496px\" \/><figcaption>Reprodu\u00e7\u00e3o<\/figcaption><\/figure>\n\n\n\n<p>O Boletim Epidemiol\u00f3gico da Secretaria de Estado da Sa\u00fade (Sesau), desta segunda (23\/11), confirma mais 129 novos casos de Covid-19 em Alagoas. Dessa forma, o estado tem um total de 93.569 casos confirmados do novo coronav\u00edrus at\u00e9 o momento, dos quais 775 est\u00e3o em isolamento domiciliar. Outros 90.360 pacientes j\u00e1 finalizaram o per\u00edodo de isolamento, n\u00e3o apresentam mais sintomas e, portanto, est\u00e3o recuperados da doen\u00e7a. H\u00e1 1.245 casos em investiga\u00e7\u00e3o laboratorial. Foram registradas mais quatro mortes em territ\u00f3rio alagoano. Com isso, Alagoas tem 2.321 \u00f3bitos por Covid-19.<\/p>\n\n\n\n<p>Os casos confirmados de pessoas com a Covid-19 est\u00e3o distribu\u00eddos nos 102 munic\u00edpios alagoanos. Em rela\u00e7\u00e3o ao quadro total de \u00f3bitos em Alagoas, est\u00e3o confirmados 2.321 \u00f3bitos por Covid-19, mas, oito deles, eram de pessoas residentes em Pernambuco, S\u00e3o Paulo, Santa Catarina e Bahia, tendo como v\u00edtimas seis homens e duas mulheres. Dos 2.313 \u00f3bitos de pessoas residentes em Alagoas, 1.299 eram do sexo masculino e 1.014 do sexo feminino. Eram 1.022 pessoas que residiam em Macei\u00f3 e as outras 1.291 moravam no interior do Estado, segundo o Centro de Informa\u00e7\u00f5es Estrat\u00e9gicas de Vigil\u00e2ncia em Sa\u00fade (Cievs), da Sesau.<\/p>\n\n\n\n<p>Para ter acesso ao boletim epidemiol\u00f3gico, baste clicar&nbsp;<a href=\"https:\/\/www.saude.al.gov.br\/wp-content\/uploads\/2020\/11\/Informe-Epidemiologico-COVID-19-no-262-23-11-2020.pdf\" target=\"_blank\" rel=\"noreferrer noopener\"><strong>neste link<\/strong><\/a>&nbsp;e baixar os dados da Covid-19.<\/p>\n\n\n\n<p><strong>\u00d3bitos \u2013<\/strong>&nbsp;No boletim desta segunda (23\/11), mais quatro mortes foram confirmadas, laboratorialmente, por causa do novo coronav\u00edrus, sendo uma v\u00edtima da capital alagoana e tr\u00eas do interior do Estado. A de Macei\u00f3 era um homem de 88 anos, sem comorbidades, que morreu no Hospital da Mulher (HM).<\/p>\n\n\n\n<p>J\u00e1 as tr\u00eas v\u00edtimas do interior do Estado eram uma mulher e dois homens. A mulher de 75 anos, de Arapiraca, tinha doen\u00e7a de Chagas, Alzheimer, epilepsia e diabetes e morreu no Hospital Regional de Arapiraca; o homem de 59 anos, de S\u00e3o Sebasti\u00e3o, tinha doen\u00e7a cardiovascular e morreu no Hospital de Emerg\u00eancia do Agreste (HEA); e o homem de 85 anos, de Girau do Ponciano, era hipertenso e tamb\u00e9m morreu no Hospital de Emerg\u00eancia do Agreste (HEA).<\/p>\n\n\n\n<p><strong>Leitos de Covid-19 do Estado<\/strong>\u00a0\u2013 Dos 515 leitos criados pela Secretaria de Estado da Sa\u00fade (Sesau) para atender, exclusivamente, pacientes com suspeita e confirma\u00e7\u00e3o de infec\u00e7\u00e3o pelo novo coronav\u00edrus, 158 estavam ocupados at\u00e9 \u00e0s 17h do domingo (22\/11), o que corresponde a 31% do total. Atualmente, 66 pacientes est\u00e3o em leitos de UTI, 05 ocupando leitos intermedi\u00e1rios e 87 em leitos de enfermaria. Para acompanhar a evolu\u00e7\u00e3o da ocupa\u00e7\u00e3o dos leitos exclusivos para Covid-19, acesse\u00a0<a href=\"http:\/\/www.alagoascontraocoronavirus.com.br\/\">http:\/\/www.alagoascontraocoronavirus.com.br\/<\/a><\/p>\n\n\n\n<p>Assessoria<\/p>\n","protected":false},"excerpt":{"rendered":"<p>O Boletim Epidemiol\u00f3gico da Secretaria de Estado da Sa\u00fade (Sesau), desta segunda (23\/11), confirma mais 129 novos<\/p>\n","protected":false},"author":1,"featured_media":10779,"comment_status":"open","ping_status":"open","sticky":false,"template":"","format":"standard","meta":{"footnotes":""},"categories":[60],"tags":[],"class_list":["post-13163","post","type-post","status-publish","format-standard","has-post-thumbnail","hentry","category-capa"],"_links":{"self":[{"href":"https:\/\/4cantosalagoas.com.br\/portal\/wp-json\/wp\/v2\/posts\/13163","targetHints":{"allow":["GET"]}}],"collection":[{"href":"https:\/\/4cantosalagoas.com.br\/portal\/wp-json\/wp\/v2\/posts"}],"about":[{"href":"https:\/\/4cantosalagoas.com.br\/portal\/wp-json\/wp\/v2\/types\/post"}],"author":[{"embeddable":true,"href":"https:\/\/4cantosalagoas.com.br\/portal\/wp-json\/wp\/v2\/users\/1"}],"replies":[{"embeddable":true,"href":"https:\/\/4cantosalagoas.com.br\/portal\/wp-json\/wp\/v2\/comments?post=13163"}],"version-history":[{"count":1,"href":"https:\/\/4cantosalagoas.com.br\/portal\/wp-json\/wp\/v2\/posts\/13163\/revisions"}],"predecessor-version":[{"id":13164,"href":"https:\/\/4cantosalagoas.com.br\/portal\/wp-json\/wp\/v2\/posts\/13163\/revisions\/13164"}],"wp:featuredmedia":[{"embeddable":true,"href":"https:\/\/4cantosalagoas.com.br\/portal\/wp-json\/wp\/v2\/media\/10779"}],"wp:attachment":[{"href":"https:\/\/4cantosalagoas.com.br\/portal\/wp-json\/wp\/v2\/media?parent=13163"}],"wp:term":[{"taxonomy":"category","embeddable":true,"href":"https:\/\/4cantosalagoas.com.br\/portal\/wp-json\/wp\/v2\/categories?post=13163"},{"taxonomy":"post_tag","embeddable":true,"href":"https:\/\/4cantosalagoas.com.br\/portal\/wp-json\/wp\/v2\/tags?post=13163"}],"curies":[{"name":"wp","href":"https:\/\/api.w.org\/{rel}","templated":true}]}}